{"id":2283,"date":"2026-01-23T10:39:18","date_gmt":"2026-01-23T08:39:18","guid":{"rendered":"https:\/\/blog.serpreco.com\/cat\/?p=2283"},"modified":"2026-01-23T10:58:39","modified_gmt":"2026-01-23T08:58:39","slug":"accident-ferroviari-adamuz","status":"publish","type":"post","link":"https:\/\/blog.serpreco.com\/cat\/accident-ferroviari-adamuz\/","title":{"rendered":"Accident ferroviari d&#8217;Adamuz: quines assegurances s&#8217;activen i qui paga"},"content":{"rendered":"\n<p><strong>L\u2019accident ferroviari d\u2019Adamuz<\/strong>, com altres sinistres recents que malauradament han tornat a ser not\u00edcia a Espanya i a Catalunya, amb persones ferides i fins i tot v\u00edctimes mortals, genera sempre un gran impacte social. Aquests episodis, que sovint es viuen amb angoixa i incredulitat, posen el focus no nom\u00e9s en la <strong>seguretat del transport ferroviari<\/strong>, sin\u00f3 tamb\u00e9 en les conseq\u00fc\u00e8ncies personals i familiars que deixen al darrere. Per\u00f2, passat el xoc inicial, apareixen els dubtes pr\u00e0ctics: qui indemnitza les v\u00edctimes?, quines assegurances intervenen?, quant triguen a pagar?, i qu\u00e8 passa si el difunt o el ferit tenia assegurances pr\u00f2pies?<\/p>\n\n\n\n<p>Des del vessant assegurador, \u00e9s important entendre que en un accident de tren poden conviure diverses p\u00f2lisses alhora, amb funcions diferents i terminis tamb\u00e9 diferents. Aix\u00f2 fa que una mateixa persona afectada pugui tenir dret a indemnitzacions per diferents vies, ja sigui per cobertures vinculades al viatge, per responsabilitat civil del transportista o per assegurances personals contractades pr\u00e8viament.<\/p>\n\n\n\n<div id=\"ez-toc-container\" class=\"ez-toc-v2_0_75 counter-hierarchy ez-toc-counter ez-toc-grey ez-toc-container-direction\">\n<div class=\"ez-toc-title-container\"><p class=\"ez-toc-title\" style=\"cursor:inherit\">Taula de continguts<\/p>\n<\/div><nav><ul class='ez-toc-list ez-toc-list-level-1 ' ><li class='ez-toc-page-1 ez-toc-heading-level-2'><a class=\"ez-toc-link ez-toc-heading-1\" href=\"https:\/\/blog.serpreco.com\/cat\/accident-ferroviari-adamuz\/#Lasseguranca_obligatoria_de_viatgers_la_primera_a_actuar\" >L\u2019asseguran\u00e7a obligat\u00f2ria de viatgers: la primera a actuar<\/a><\/li><li class='ez-toc-page-1 ez-toc-heading-level-2'><a class=\"ez-toc-link ez-toc-heading-2\" href=\"https:\/\/blog.serpreco.com\/cat\/accident-ferroviari-adamuz\/#La_responsabilitat_civil_la_clau_de_les_grans_indemnitzacions\" >La responsabilitat civil: la clau de les grans indemnitzacions<\/a><\/li><li class='ez-toc-page-1 ez-toc-heading-level-2'><a class=\"ez-toc-link ez-toc-heading-3\" href=\"https:\/\/blog.serpreco.com\/cat\/accident-ferroviari-adamuz\/#I_si_el_viatger_tenia_una_asseguranca_daccidents\" >I si el viatger tenia una asseguran\u00e7a d\u2019accidents?<\/a><\/li><li class='ez-toc-page-1 ez-toc-heading-level-2'><a class=\"ez-toc-link ez-toc-heading-4\" href=\"https:\/\/blog.serpreco.com\/cat\/accident-ferroviari-adamuz\/#Les_assegurances_vinculades_a_targetes_de_credit\" >Les assegurances vinculades a targetes de cr\u00e8dit<\/a><\/li><li class='ez-toc-page-1 ez-toc-heading-level-2'><a class=\"ez-toc-link ez-toc-heading-5\" href=\"https:\/\/blog.serpreco.com\/cat\/accident-ferroviari-adamuz\/#Lasseguranca_de_vida_un_suport_clau_per_a_la_familia\" >L\u2019asseguran\u00e7a de vida: un suport clau per a la fam\u00edlia<\/a><\/li><li class='ez-toc-page-1 ez-toc-heading-level-2'><a class=\"ez-toc-link ez-toc-heading-6\" href=\"https:\/\/blog.serpreco.com\/cat\/accident-ferroviari-adamuz\/#La_importancia_de_lassessorament_professional\" >La import\u00e0ncia de l\u2019assessorament professional<\/a><\/li><\/ul><\/nav><\/div>\n<h2 class=\"wp-block-heading\"><span class=\"ez-toc-section\" id=\"Lasseguranca_obligatoria_de_viatgers_la_primera_a_actuar\"><\/span>L\u2019asseguran\u00e7a obligat\u00f2ria de viatgers: la primera a actuar<span class=\"ez-toc-section-end\"><\/span><\/h2>\n\n\n\n<p>Tots els passatgers d\u2019un tren estan coberts autom\u00e0ticament per l\u2019anomenada <strong>Asseguran\u00e7a Obligat\u00f2ria de Viatgers (AOV)<\/strong>, inclosa en el preu del bitllet. Aquesta asseguran\u00e7a <strong>s\u2019activa independentment de qui sigui el responsable<\/strong> de l\u2019accident.<\/p>\n\n\n\n<p>L\u2019AOV cobreix:<\/p>\n\n\n\n<ul class=\"wp-block-list\">\n<li>Mort del viatger<\/li>\n\n\n\n<li>Incapacitats permanents<\/li>\n\n\n\n<li>Determinades lesions greus<\/li>\n<\/ul>\n\n\n\n<p>Els capitals estan regulats per barem i <strong>no s\u00f3n elevats<\/strong>, per\u00f2 tenen un avantatge clau: <strong>s\u00f3n relativament r\u00e0pids<\/strong> i no cal esperar a determinar responsabilitats. \u00c9s una cobertura pensada per donar una primera resposta econ\u00f2mica.<\/p>\n\n\n\n<h2 class=\"wp-block-heading\"><span class=\"ez-toc-section\" id=\"La_responsabilitat_civil_la_clau_de_les_grans_indemnitzacions\"><\/span>La responsabilitat civil: la clau de les grans indemnitzacions<span class=\"ez-toc-section-end\"><\/span><\/h2>\n\n\n\n<p>Quan hi ha ferits greus o v\u00edctimes mortals, la indemnitzaci\u00f3 principal acostuma a venir de la <strong>responsabilitat civil de l&#8217;operador ferroviari o del gestor de la infraestructura<\/strong>, segons el cas.<\/p>\n\n\n\n<p>Aqu\u00ed ja entrem en un proc\u00e9s m\u00e9s complex:<\/p>\n\n\n\n<ul class=\"wp-block-list\">\n<li>Cal determinar causes i responsabilitats<\/li>\n\n\n\n<li>Poden intervenir p\u00e8rits, advocats i jutjats<\/li>\n\n\n\n<li>Els terminis s\u00f3n m\u00e9s llargs<\/li>\n<\/ul>\n\n\n\n<p>Les indemnitzacions, per\u00f2, <strong>s\u00f3n molt m\u00e9s altes<\/strong> i es calculen habitualment amb criteris similars als del barem de tr\u00e0nsit (edat, ingressos, perjudici familiar, etc.).<\/p>\n\n\n\n<h2 class=\"wp-block-heading\"><span class=\"ez-toc-section\" id=\"I_si_el_viatger_tenia_una_asseguranca_daccidents\"><\/span>I si el viatger tenia una asseguran\u00e7a d\u2019accidents?<span class=\"ez-toc-section-end\"><\/span><\/h2>\n\n\n\n<p>Moltes persones disposen, sovint sense recordar-ho, d\u2019una <strong>asseguran\u00e7a d\u2019accidents personal<\/strong>, contractada de manera individual o col\u00b7lectiva (per exemple, a trav\u00e9s de col\u00b7legis professionals o empreses).<\/p>\n\n\n\n<p>Aquestes p\u00f2lisses <strong>indemnitzen el capital assegurat<\/strong> en cas de:<\/p>\n\n\n\n<ul class=\"wp-block-list\">\n<li>Mort accidental<\/li>\n\n\n\n<li>Invalidesa permanent<\/li>\n<\/ul>\n\n\n\n<p>El punt clau \u00e9s que <strong>no substitueixen<\/strong> la responsabilitat civil, sin\u00f3 que <strong>s\u2019hi sumen<\/strong>. \u00c9s a dir, es pot cobrar de l\u2019asseguran\u00e7a d\u2019accidents i, a m\u00e9s, reclamar a qui correspongui per responsabilitat civil.<\/p>\n\n\n\n<h2 class=\"wp-block-heading\"><span class=\"ez-toc-section\" id=\"Les_assegurances_vinculades_a_targetes_de_credit\"><\/span>Les assegurances vinculades a targetes de cr\u00e8dit<span class=\"ez-toc-section-end\"><\/span><\/h2>\n\n\n\n<p>Un aspecte sovint desconegut \u00e9s que moltes targetes de cr\u00e8dit inclouen <strong>assegurances d\u2019accidents en <a href=\"https:\/\/blog.serpreco.com\/cat\/planifica-viatge-dels-teus-somnis\/\" target=\"_blank\" data-type=\"post\" data-id=\"2137\" rel=\"noreferrer noopener\">viatge<\/a><\/strong>, sempre que el bitllet s\u2019hagi pagat amb aquella targeta.<\/p>\n\n\n\n<p>Aquestes cobertures poden preveure:<\/p>\n\n\n\n<ul class=\"wp-block-list\">\n<li>Capitals per mort o invalidesa<\/li>\n\n\n\n<li>Assist\u00e8ncia sanit\u00e0ria complement\u00e0ria<\/li>\n<\/ul>\n\n\n\n<p>Ara b\u00e9, <strong>les condicions varien molt<\/strong> entre entitats i cal revisar l\u00edmits, exclusions i procediment de comunicaci\u00f3 del sinistre.<\/p>\n\n\n\n<h2 class=\"wp-block-heading\"><span class=\"ez-toc-section\" id=\"Lasseguranca_de_vida_un_suport_clau_per_a_la_familia\"><\/span>L\u2019asseguran\u00e7a de vida: un suport clau per a la fam\u00edlia<span class=\"ez-toc-section-end\"><\/span><\/h2>\n\n\n\n<p>Si el difunt disposava d\u2019una <strong>asseguran\u00e7a de vida<\/strong>, aquesta \u00e9s sovint la que aporta <strong>m\u00e9s tranquil\u00b7litat immediata a la fam\u00edlia<\/strong>. El capital assegurat es paga als beneficiaris <strong>independentment de la causa de la mort<\/strong>, llevat d\u2019exclusions molt concretes.<\/p>\n\n\n\n<p>A difer\u00e8ncia de la responsabilitat civil, <strong>no cal esperar sent\u00e8ncies ni investigacions<\/strong>, i els terminis solen ser raonables un cop aportada la documentaci\u00f3.<\/p>\n\n\n\n<h2 class=\"wp-block-heading\"><span class=\"ez-toc-section\" id=\"La_importancia_de_lassessorament_professional\"><\/span>La import\u00e0ncia de l\u2019assessorament professional<span class=\"ez-toc-section-end\"><\/span><\/h2>\n\n\n\n<p>En situacions d\u2019aquesta gravetat, les fam\u00edlies i els afectats sovint desconeixen <strong>totes les vies d\u2019indemnitzaci\u00f3 possibles<\/strong>. Comptar amb una corredoria especialitzada permet:<\/p>\n\n\n\n<ul class=\"wp-block-list\">\n<li>Detectar totes les p\u00f2lisses activables<\/li>\n\n\n\n<li>Coordinar reclamacions<\/li>\n\n\n\n<li>Evitar ren\u00fancies involunt\u00e0ries a drets<\/li>\n<\/ul>\n\n\n\n<p>A <a href=\"https:\/\/www.mutua-enginyers.com\/serpreco\" target=\"_blank\" data-type=\"link\" data-id=\"https:\/\/www.mutua-enginyers.com\/serpreco\" rel=\"noreferrer noopener\">Serpreco<\/a>, com a corredoria dels enginyers, treballem perqu\u00e8 darrere de cada p\u00f2lissa hi hagi <strong>criteri t\u00e8cnic, transpar\u00e8ncia i protecci\u00f3 real<\/strong>, especialment quan m\u00e9s es necessita.<\/p>\n\n\n\n<figure class=\"wp-block-embed is-type-video is-provider-youtube wp-block-embed-youtube wp-embed-aspect-9-16 wp-has-aspect-ratio\"><div class=\"wp-block-embed__wrapper\">\n<iframe title=\"\u2753\u00bfQui\u00e9n indemniza a las v\u00edctimas del accidente ferroviario de Adamuz?\" width=\"563\" height=\"1000\" src=\"https:\/\/www.youtube.com\/embed\/Hcr7PLryAnc?feature=oembed\" frameborder=\"0\" allow=\"accelerometer; autoplay; clipboard-write; encrypted-media; gyroscope; picture-in-picture; web-share\" referrerpolicy=\"strict-origin-when-cross-origin\" allowfullscreen><\/iframe>\n<\/div><\/figure>\n","protected":false},"excerpt":{"rendered":"<p>L\u2019accident ferroviari d\u2019Adamuz, com altres sinistres recents que malauradament han tornat a ser not\u00edcia a Espanya i a Catalunya, amb persones ferides i fins i tot v\u00edctimes mortals, genera sempre un gran impacte social. Aquests episodis, que sovint es viuen amb angoixa i incredulitat, posen el focus no nom\u00e9s en la seguretat del transport ferroviari, sin\u00f3 tamb\u00e9 en les conseq\u00fc\u00e8ncies personals i familiars que deixen al darrere.<\/p>\n","protected":false},"author":9,"featured_media":2284,"comment_status":"closed","ping_status":"closed","sticky":false,"template":"","format":"standard","meta":{"footnotes":""},"categories":[98],"tags":[412,410,411,26,30],"class_list":["post-2283","post","type-post","status-publish","format-standard","has-post-thumbnail","hentry","category-particulars","tag-accident-ferroviari","tag-accident-ferroviari-dadamuz","tag-adamuz","tag-asseguranca","tag-assegurances"],"_links":{"self":[{"href":"https:\/\/blog.serpreco.com\/cat\/wp-json\/wp\/v2\/posts\/2283","targetHints":{"allow":["GET"]}}],"collection":[{"href":"https:\/\/blog.serpreco.com\/cat\/wp-json\/wp\/v2\/posts"}],"about":[{"href":"https:\/\/blog.serpreco.com\/cat\/wp-json\/wp\/v2\/types\/post"}],"author":[{"embeddable":true,"href":"https:\/\/blog.serpreco.com\/cat\/wp-json\/wp\/v2\/users\/9"}],"replies":[{"embeddable":true,"href":"https:\/\/blog.serpreco.com\/cat\/wp-json\/wp\/v2\/comments?post=2283"}],"version-history":[{"count":4,"href":"https:\/\/blog.serpreco.com\/cat\/wp-json\/wp\/v2\/posts\/2283\/revisions"}],"predecessor-version":[{"id":2289,"href":"https:\/\/blog.serpreco.com\/cat\/wp-json\/wp\/v2\/posts\/2283\/revisions\/2289"}],"wp:featuredmedia":[{"embeddable":true,"href":"https:\/\/blog.serpreco.com\/cat\/wp-json\/wp\/v2\/media\/2284"}],"wp:attachment":[{"href":"https:\/\/blog.serpreco.com\/cat\/wp-json\/wp\/v2\/media?parent=2283"}],"wp:term":[{"taxonomy":"category","embeddable":true,"href":"https:\/\/blog.serpreco.com\/cat\/wp-json\/wp\/v2\/categories?post=2283"},{"taxonomy":"post_tag","embeddable":true,"href":"https:\/\/blog.serpreco.com\/cat\/wp-json\/wp\/v2\/tags?post=2283"}],"curies":[{"name":"wp","href":"https:\/\/api.w.org\/{rel}","templated":true}]}}