{"id":2264,"date":"2025-08-18T09:30:25","date_gmt":"2025-08-18T07:30:25","guid":{"rendered":"https:\/\/blog.serpreco.com\/cat\/?p=2264"},"modified":"2025-08-27T09:31:09","modified_gmt":"2025-08-27T07:31:09","slug":"viatjar-amb-nens-estiu-guia","status":"publish","type":"post","link":"https:\/\/blog.serpreco.com\/cat\/viatjar-amb-nens-estiu-guia\/","title":{"rendered":"Consells per viatjar amb nens a l\u2019estiu: guia per a unes vacances sense estr\u00e8s"},"content":{"rendered":"\n<p>Quan es tracta de <strong>viatjar amb nens<\/strong>, la planificaci\u00f3 \u00e9s una de les claus per a l\u2019\u00e8xit. Comen\u00e7a pensant en la destinaci\u00f3 amb suficient temps per poder reservar allotjament, transport i activitats sense presses. Escull hotels o apartaments amb serveis adaptats a fam\u00edlies: habitacions \u00e0mplies, llits supletoris, bressols, zones de joc i men\u00fas infantils. A m\u00e9s, reservar amb antelaci\u00f3 et permetr\u00e0 aconseguir millors preus i seients junts, evitant la incomoditat de viatjar separats. Una bona planificaci\u00f3 tamb\u00e9 implica tenir a m\u00e0 tota la documentaci\u00f3 necess\u00e0ria, com passaports, targetes sanit\u00e0ries i assegurances.<\/p>\n\n\n\n<div id=\"ez-toc-container\" class=\"ez-toc-v2_0_75 counter-hierarchy ez-toc-counter ez-toc-grey ez-toc-container-direction\">\n<div class=\"ez-toc-title-container\"><p class=\"ez-toc-title\" style=\"cursor:inherit\">Taula de continguts<\/p>\n<\/div><nav><ul class='ez-toc-list ez-toc-list-level-1 ' ><li class='ez-toc-page-1 ez-toc-heading-level-2'><a class=\"ez-toc-link ez-toc-heading-1\" href=\"https:\/\/blog.serpreco.com\/cat\/viatjar-amb-nens-estiu-guia\/#Escull_destinacions_adaptades_a_families\" >Escull destinacions adaptades a fam\u00edlies<\/a><\/li><li class='ez-toc-page-1 ez-toc-heading-level-2'><a class=\"ez-toc-link ez-toc-heading-2\" href=\"https:\/\/blog.serpreco.com\/cat\/viatjar-amb-nens-estiu-guia\/#Organitza_lequipatge_de_manera_intelligent\" >Organitza l\u2019equipatge de manera intel\u00b7ligent<\/a><\/li><li class='ez-toc-page-1 ez-toc-heading-level-2'><a class=\"ez-toc-link ez-toc-heading-3\" href=\"https:\/\/blog.serpreco.com\/cat\/viatjar-amb-nens-estiu-guia\/#Adapta_els_horaris_al_ritme_dels_nens\" >Adapta els horaris al ritme dels nens<\/a><\/li><li class='ez-toc-page-1 ez-toc-heading-level-2'><a class=\"ez-toc-link ez-toc-heading-4\" href=\"https:\/\/blog.serpreco.com\/cat\/viatjar-amb-nens-estiu-guia\/#Manten-los_hidratats_i_ben_alimentats\" >Mant\u00e9n-los hidratats i ben alimentats<\/a><\/li><li class='ez-toc-page-1 ez-toc-heading-level-2'><a class=\"ez-toc-link ez-toc-heading-5\" href=\"https:\/\/blog.serpreco.com\/cat\/viatjar-amb-nens-estiu-guia\/#Busca_activitats_divertides_i_educatives\" >Busca activitats divertides i educatives<\/a><\/li><li class='ez-toc-page-1 ez-toc-heading-level-2'><a class=\"ez-toc-link ez-toc-heading-6\" href=\"https:\/\/blog.serpreco.com\/cat\/viatjar-amb-nens-estiu-guia\/#Preparat_per_a_imprevistos\" >Prepara\u2019t per a imprevistos<\/a><\/li><li class='ez-toc-page-1 ez-toc-heading-level-2'><a class=\"ez-toc-link ez-toc-heading-7\" href=\"https:\/\/blog.serpreco.com\/cat\/viatjar-amb-nens-estiu-guia\/#La_importancia_de_comptar_amb_una_asseguranca_de_viatge\" >La import\u00e0ncia de comptar amb una asseguran\u00e7a de viatge<\/a><\/li><\/ul><\/nav><\/div>\n<h2 class=\"wp-block-heading\"><span class=\"ez-toc-section\" id=\"Escull_destinacions_adaptades_a_families\"><\/span>Escull destinacions adaptades a fam\u00edlies<span class=\"ez-toc-section-end\"><\/span><\/h2>\n\n\n\n<p>Per <strong><a href=\"https:\/\/blog.serpreco.com\/cat\/viatjar-seguretat-mascota\/\" target=\"_blank\" data-type=\"post\" data-id=\"1511\" rel=\"noreferrer noopener\">viatjar <\/a>amb nens<\/strong> a l\u2019estiu, \u00e9s fonamental triar llocs que ofereixin activitats i serveis per a totes les edats. Les platges amb zones poc profundes i vigilades s\u00f3n ideals per als m\u00e9s petits, mentre que els parcs tem\u00e0tics i els museus interactius aporten diversi\u00f3 i aprenentatge. Les rutes de senderisme suaus i aptes per a cotxets s\u00f3n una bona opci\u00f3 per gaudir de la natura sense que es converteixi en un repte esgotador. Evita destinacions amb climes massa extrems o amb massa hores de despla\u00e7aments interns, ja que poden generar cansament i mal humor.<\/p>\n\n\n\n<h2 class=\"wp-block-heading\"><span class=\"ez-toc-section\" id=\"Organitza_lequipatge_de_manera_intelligent\"><\/span>Organitza l\u2019equipatge de manera intel\u00b7ligent<span class=\"ez-toc-section-end\"><\/span><\/h2>\n\n\n\n<p>Fer la maleta per <strong>viatjar amb nens<\/strong> requereix un punt d\u2019estrat\u00e8gia. \u00c9s recomanable fer una llista amb tot el que necessitareu per evitar oblits. Porta roba c\u00f2moda, lleugera i adequada per a les activitats previstes, aix\u00ed com banyadors, gorres i protecci\u00f3 solar. Inclou tamb\u00e9 un petit kit de primers auxilis amb medicaments b\u00e0sics, term\u00f2metre i tiretes. No oblidis afegir joguines, llibres o dispositius amb contingut educatiu per entretenir-los durant els trajectes. Tenir sempre algun <em>snack<\/em> saludable, com fruita tallada o fruits secs, pot salvar m\u00e9s d\u2019un moment de fam sobtada.<\/p>\n\n\n\n<h2 class=\"wp-block-heading\"><span class=\"ez-toc-section\" id=\"Adapta_els_horaris_al_ritme_dels_nens\"><\/span>Adapta els horaris al ritme dels nens<span class=\"ez-toc-section-end\"><\/span><\/h2>\n\n\n\n<p>Una de les claus per gaudir d\u2019un viatge amb tranquil\u00b7litat \u00e9s adaptar les activitats al ritme dels m\u00e9s petits. Quan <strong>viatges amb nens<\/strong>, intenta respectar les hores de son i els horaris dels \u00e0pats per evitar irritabilitat i cansament. Les activitats m\u00e9s exigents, com excursions o visites culturals llargues, \u00e9s millor programar-les al mat\u00ed o al capvespre, deixant les hores m\u00e9s caloroses per a moments de descans a l\u2019hotel, jocs tranquils o banys a la piscina.<\/p>\n\n\n\n<h2 class=\"wp-block-heading\"><span class=\"ez-toc-section\" id=\"Manten-los_hidratats_i_ben_alimentats\"><\/span>Mant\u00e9n-los hidratats i ben alimentats<span class=\"ez-toc-section-end\"><\/span><\/h2>\n\n\n\n<p>Durant l\u2019estiu, les altes temperatures poden afectar especialment la salut dels infants. Quan <strong>viatges amb nens<\/strong>, assegura\u2019t que beguin aigua regularment i que tinguin una alimentaci\u00f3 equilibrada. Porta sempre una ampolla reutilitzable i ofereix-los petites preses de fruita fresca, sucs naturals o iogurts per mantenir-los hidratats i amb energia. Evita els refrescos amb exc\u00e9s de sucre, ja que poden provocar deshidrataci\u00f3 i pujades de sucre brusques.<\/p>\n\n\n\n<h2 class=\"wp-block-heading\"><span class=\"ez-toc-section\" id=\"Busca_activitats_divertides_i_educatives\"><\/span>Busca activitats divertides i educatives<span class=\"ez-toc-section-end\"><\/span><\/h2>\n\n\n\n<p>Un bon truc per <strong>viatjar amb nens<\/strong> \u00e9s combinar activitats l\u00fadiques amb experi\u00e8ncies educatives. Visitar zool\u00f2gics, aquaris o parcs naturals pot despertar la curiositat dels petits. Tamb\u00e9 pots incloure tallers locals, com classes de cuina o manualitats tradicionals, que els ajudin a con\u00e8ixer la cultura del lloc. Aquest tipus d\u2019activitats no nom\u00e9s s\u00f3n entretingudes, sin\u00f3 que tamb\u00e9 creen records familiars \u00fanics.<\/p>\n\n\n\n<h2 class=\"wp-block-heading\"><span class=\"ez-toc-section\" id=\"Preparat_per_a_imprevistos\"><\/span>Prepara\u2019t per a imprevistos<span class=\"ez-toc-section-end\"><\/span><\/h2>\n\n\n\n<p>Quan decideixes <strong>viatjar amb nens<\/strong>, \u00e9s important tenir present que sempre poden sorgir situacions inesperades: retards de vols, canvis meteorol\u00f2gics o petits accidents. Porta sempre una bossa amb roba de recanvi, tovalloletes humides i una petita farmaciola. Tamb\u00e9 \u00e9s \u00fatil tenir c\u00f2pies digitals de documents importants, com passaports i assegurances, per si es perden. Una actitud flexible i tranquil\u00b7la ajudar\u00e0 a resoldre qualsevol contratemps sense estr\u00e8s.<\/p>\n\n\n\n<h2 class=\"wp-block-heading\"><span class=\"ez-toc-section\" id=\"La_importancia_de_comptar_amb_una_asseguranca_de_viatge\"><\/span>La import\u00e0ncia de comptar amb una asseguran\u00e7a de viatge<span class=\"ez-toc-section-end\"><\/span><\/h2>\n\n\n\n<p>A l\u2019hora de <strong>viatjar amb nens<\/strong>, estar protegit davant qualsevol imprevist \u00e9s essencial. Una <a href=\"https:\/\/www.mutua-enginyers.com\/particulars\/assegurances-de-danys-materials\/asseguranca-assistencia-en-viatge\" target=\"_blank\" rel=\"noreferrer noopener\"><strong>asseguran\u00e7a<\/strong> <strong>de viatge<\/strong><\/a> t\u2019ofereix assist\u00e8ncia m\u00e8dica immediata, cobertura en cas de cancel\u00b7laci\u00f3, compensaci\u00f3 per p\u00e8rdua d\u2019equipatge i ajuda davant emerg\u00e8ncies. <strong>Serpreco<\/strong>, la corredoria d\u2019assegurances de <strong>La M\u00fatua dels Enginyers<\/strong>, ens adaptem a les necessitats de les fam\u00edlies viatgeres, perqu\u00e8 puguis gaudir de les vacances amb tranquil\u00b7litat i la seguretat de saber que, passi el que passi, estar\u00e0s cobert.<\/p>\n","protected":false},"excerpt":{"rendered":"<p>Quan es tracta de viatjar amb nens, la planificaci\u00f3 \u00e9s una de les claus per a l\u2019\u00e8xit. Comen\u00e7a pensant en la destinaci\u00f3 amb suficient temps per poder reservar allotjament, transport i activitats sense presses. Escull hotels o apartaments amb serveis adaptats a fam\u00edlies: habitacions \u00e0mplies, llits supletoris, bressols, zones de joc i men\u00fas infantils. <\/p>\n","protected":false},"author":9,"featured_media":2265,"comment_status":"closed","ping_status":"closed","sticky":false,"template":"","format":"standard","meta":{"footnotes":""},"categories":[98],"tags":[30,17,399,14,403,10,324,404],"class_list":["post-2264","post","type-post","status-publish","format-standard","has-post-thumbnail","hentry","category-particulars","tag-assegurances","tag-corredoria-dassegurances","tag-estiu","tag-mutua-dels-enginyers","tag-nens","tag-serpreco","tag-viatjar","tag-viatjar-amb-nens"],"_links":{"self":[{"href":"https:\/\/blog.serpreco.com\/cat\/wp-json\/wp\/v2\/posts\/2264","targetHints":{"allow":["GET"]}}],"collection":[{"href":"https:\/\/blog.serpreco.com\/cat\/wp-json\/wp\/v2\/posts"}],"about":[{"href":"https:\/\/blog.serpreco.com\/cat\/wp-json\/wp\/v2\/types\/post"}],"author":[{"embeddable":true,"href":"https:\/\/blog.serpreco.com\/cat\/wp-json\/wp\/v2\/users\/9"}],"replies":[{"embeddable":true,"href":"https:\/\/blog.serpreco.com\/cat\/wp-json\/wp\/v2\/comments?post=2264"}],"version-history":[{"count":3,"href":"https:\/\/blog.serpreco.com\/cat\/wp-json\/wp\/v2\/posts\/2264\/revisions"}],"predecessor-version":[{"id":2268,"href":"https:\/\/blog.serpreco.com\/cat\/wp-json\/wp\/v2\/posts\/2264\/revisions\/2268"}],"wp:featuredmedia":[{"embeddable":true,"href":"https:\/\/blog.serpreco.com\/cat\/wp-json\/wp\/v2\/media\/2265"}],"wp:attachment":[{"href":"https:\/\/blog.serpreco.com\/cat\/wp-json\/wp\/v2\/media?parent=2264"}],"wp:term":[{"taxonomy":"category","embeddable":true,"href":"https:\/\/blog.serpreco.com\/cat\/wp-json\/wp\/v2\/categories?post=2264"},{"taxonomy":"post_tag","embeddable":true,"href":"https:\/\/blog.serpreco.com\/cat\/wp-json\/wp\/v2\/tags?post=2264"}],"curies":[{"name":"wp","href":"https:\/\/api.w.org\/{rel}","templated":true}]}}