{"id":2253,"date":"2025-06-30T09:52:20","date_gmt":"2025-06-30T07:52:20","guid":{"rendered":"https:\/\/blog.serpreco.com\/cat\/?p=2253"},"modified":"2025-07-08T09:55:18","modified_gmt":"2025-07-08T07:55:18","slug":"salut-mental-professional","status":"publish","type":"post","link":"https:\/\/blog.serpreco.com\/cat\/salut-mental-professional\/","title":{"rendered":"La salut mental en l\u2019entorn professional: un pilar per al rendiment i el benestar"},"content":{"rendered":"\n<p>La <strong>salut mental en l\u2019entorn professional<\/strong> ha deixat de ser un tema tab\u00fa per convertir-se en una prioritat per a moltes empreses. Amb l\u2019augment dels casos d\u2019estr\u00e8s, ansietat i esgotament emocional, les organitzacions estan prenent consci\u00e8ncia que el benestar psicol\u00f2gic dels treballadors no nom\u00e9s millora la qualitat de vida, sin\u00f3 que tamb\u00e9 incrementa la productivitat i redueix l\u2019absentisme.<\/p>\n\n\n\n<p>Promoure la <strong>salut emocional dins de l\u2019empresa<\/strong> \u00e9s una inversi\u00f3 a llarg termini. No es tracta nom\u00e9s d\u2019evitar baixes laborals, sin\u00f3 de construir entorns sostenibles on les persones se sentin escoltades, motivades i segures.<\/p>\n\n\n\n<div id=\"ez-toc-container\" class=\"ez-toc-v2_0_75 counter-hierarchy ez-toc-counter ez-toc-grey ez-toc-container-direction\">\n<div class=\"ez-toc-title-container\"><p class=\"ez-toc-title\" style=\"cursor:inherit\">Taula de continguts<\/p>\n<\/div><nav><ul class='ez-toc-list ez-toc-list-level-1 ' ><li class='ez-toc-page-1 ez-toc-heading-level-2'><a class=\"ez-toc-link ez-toc-heading-1\" href=\"https:\/\/blog.serpreco.com\/cat\/salut-mental-professional\/#Factors_que_afecten_la_salut_mental_a_la_feina\" >Factors que afecten la salut mental a la feina<\/a><\/li><li class='ez-toc-page-1 ez-toc-heading-level-2'><a class=\"ez-toc-link ez-toc-heading-2\" href=\"https:\/\/blog.serpreco.com\/cat\/salut-mental-professional\/#La_cultura_empresarial_com_a_motor_de_canvi\" >La cultura empresarial com a motor de canvi<\/a><\/li><li class='ez-toc-page-1 ez-toc-heading-level-2'><a class=\"ez-toc-link ez-toc-heading-3\" href=\"https:\/\/blog.serpreco.com\/cat\/salut-mental-professional\/#Estrategies_i_bones_practiques_corporatives\" >Estrat\u00e8gies i bones pr\u00e0ctiques corporatives<\/a><\/li><li class='ez-toc-page-1 ez-toc-heading-level-2'><a class=\"ez-toc-link ez-toc-heading-4\" href=\"https:\/\/blog.serpreco.com\/cat\/salut-mental-professional\/#El_paper_clau_de_la_prevencio_i_lacompanyament\" >El paper clau de la prevenci\u00f3 i l\u2019acompanyament<\/a><\/li><li class='ez-toc-page-1 ez-toc-heading-level-2'><a class=\"ez-toc-link ez-toc-heading-5\" href=\"https:\/\/blog.serpreco.com\/cat\/salut-mental-professional\/#Serpreco_cobertura_medica_per_a_empreses_amb_valor_afegit\" >Serpreco: cobertura m\u00e8dica per a empreses amb valor afegit<\/a><\/li><\/ul><\/nav><\/div>\n<h2 class=\"wp-block-heading\"><span class=\"ez-toc-section\" id=\"Factors_que_afecten_la_salut_mental_a_la_feina\"><\/span>Factors que afecten la salut mental a la feina<span class=\"ez-toc-section-end\"><\/span><\/h2>\n\n\n\n<p>Entre els principals factors que deterioren la <strong>salut mental dels treballadors<\/strong>, trobem la pressi\u00f3 per assolir objectius, la manca de conciliaci\u00f3, la inseguretat laboral i les din\u00e0miques de treball t\u00f2xiques. Quan aquests elements s\u2019acumulen, es poden desencadenar trastorns com el <strong><em>burnout<\/em><\/strong> (s\u00edndrome de desgast professional), amb conseq\u00fc\u00e8ncies greus tant per a l\u2019individu com per a l\u2019empresa.<\/p>\n\n\n\n<p>Les <strong>empreses compromeses amb la <a href=\"https:\/\/blog.serpreco.com\/cat\/preguntes-frequents-asseguranca-de-salut\/\" target=\"_blank\" data-type=\"post\" data-id=\"1854\" rel=\"noreferrer noopener\">salut <\/a>mental<\/strong> han d\u2019identificar aquests riscos i implementar pol\u00edtiques que afavoreixin un equilibri sa entre les exig\u00e8ncies laborals i les necessitats personals.<\/p>\n\n\n\n<h2 class=\"wp-block-heading\"><span class=\"ez-toc-section\" id=\"La_cultura_empresarial_com_a_motor_de_canvi\"><\/span>La cultura empresarial com a motor de canvi<span class=\"ez-toc-section-end\"><\/span><\/h2>\n\n\n\n<p>Una <strong>cultura empresarial positiva<\/strong> pot ser la clau per garantir el benestar mental dels equips. Aix\u00f2 implica fomentar valors com l\u2019empatia, la confian\u00e7a, la transpar\u00e8ncia i la comunicaci\u00f3 oberta. Les empreses que escolten, valoren i donen suport als seus empleats generen un clima emocional saludable, on la creativitat i el comprom\u00eds floreixen.<\/p>\n\n\n\n<p>El lideratge juga tamb\u00e9 un paper fonamental. Els <strong>managers amb intel\u00b7lig\u00e8ncia emocional<\/strong>, capa\u00e7os de detectar senyals de malestar i oferir suport, s\u00f3n un actiu imprescindible en la construcci\u00f3 d\u2019un entorn laboral saludable.<\/p>\n\n\n\n<h2 class=\"wp-block-heading\"><span class=\"ez-toc-section\" id=\"Estrategies_i_bones_practiques_corporatives\"><\/span>Estrat\u00e8gies i bones pr\u00e0ctiques corporatives<span class=\"ez-toc-section-end\"><\/span><\/h2>\n\n\n\n<p>Hi ha moltes accions que una empresa pot dur a terme per cuidar la <strong>salut mental del seu equip<\/strong>. Algunes d\u2019elles inclouen:<\/p>\n\n\n\n<ul class=\"wp-block-list\">\n<li>Crear espais de comunicaci\u00f3 confidencial amb professionals de la psicologia.<\/li>\n\n\n\n<li>Promoure horaris flexibles i el teletreball quan sigui possible.<\/li>\n\n\n\n<li>Oferir formacions sobre gesti\u00f3 de l\u2019estr\u00e8s i la resili\u00e8ncia.<\/li>\n\n\n\n<li>Establir protocols clars contra l\u2019assetjament laboral.<\/li>\n\n\n\n<li>Donar reconeixement a la feina ben feta i potenciar el sentiment de pertinen\u00e7a.<\/li>\n<\/ul>\n\n\n\n<p>Aquestes <strong>bones pr\u00e0ctiques<\/strong> ajuden a prevenir trastorns mentals, milloren l\u2019ambient laboral i tenen un impacte directe en els resultats de l\u2019empresa.<\/p>\n\n\n\n<h2 class=\"wp-block-heading\"><span class=\"ez-toc-section\" id=\"El_paper_clau_de_la_prevencio_i_lacompanyament\"><\/span>El paper clau de la prevenci\u00f3 i l\u2019acompanyament<span class=\"ez-toc-section-end\"><\/span><\/h2>\n\n\n\n<p>La <strong>prevenci\u00f3 en salut mental<\/strong> ha de ser proactiva i constant. No n\u2019hi ha prou amb intervenir quan apareixen problemes, cal anticipar-se. Les empreses poden integrar la salut mental dins dels seus programes de <strong>prevenci\u00f3 de riscos laborals<\/strong>, i col\u00b7laborar amb especialistes que assessorin en la creaci\u00f3 d\u2019estrat\u00e8gies de benestar.<\/p>\n\n\n\n<p>\u00c9s igualment important oferir <strong>acompanyament psicol\u00f2gic<\/strong> als treballadors que ho necessitin. Disposar d\u2019un recurs extern que permeti accedir f\u00e0cilment a serveis d\u2019orientaci\u00f3 o ter\u00e0pia \u00e9s un valor diferencial cada cop m\u00e9s valorat.<\/p>\n\n\n\n<h2 class=\"wp-block-heading\"><span class=\"ez-toc-section\" id=\"Serpreco_cobertura_medica_per_a_empreses_amb_valor_afegit\"><\/span>Serpreco: cobertura m\u00e8dica per a empreses amb valor afegit<span class=\"ez-toc-section-end\"><\/span><\/h2>\n\n\n\n<p>Una eina fonamental per garantir aquest benestar \u00e9s comptar amb una <strong>asseguran\u00e7a m\u00e8dica per a empreses<\/strong> adaptada a les necessitats actuals. Des de <strong><a href=\"https:\/\/www.mutua-enginyers.com\/serpreco\" target=\"_blank\" data-type=\"link\" data-id=\"https:\/\/www.mutua-enginyers.com\/serpreco\" rel=\"noreferrer noopener\">Serpreco<\/a>, corredoria d\u2019assegurances de La M\u00fatua dels Enginyers<\/strong>, s\u2019ofereix una \u00e0mplia gamma de <strong>cobertures m\u00e8diques col\u00b7lectives<\/strong>, que inclouen serveis de <strong>salut mental, psicologia i benestar emocional<\/strong> per als treballadors.<\/p>\n\n\n\n<p>Aquest tipus d\u2019asseguran\u00e7a no nom\u00e9s millora la satisfacci\u00f3 i la fidelitzaci\u00f3 del personal, sin\u00f3 que contribueix a crear un entorn laboral m\u00e9s sa i productiu. A m\u00e9s, Serpreco ofereix assessorament personalitzat per dissenyar la p\u00f2lissa que millor s\u2019adapti a cada organitzaci\u00f3, refor\u00e7ant aix\u00ed el comprom\u00eds empresarial amb la salut integral del seu equip.<\/p>\n","protected":false},"excerpt":{"rendered":"<p>La salut mental en l\u2019entorn professional ha deixat de ser un tema tab\u00fa per convertir-se en una prioritat per a moltes empreses. Amb l\u2019augment dels casos d\u2019estr\u00e8s, ansietat i esgotament emocional, les organitzacions estan prenent consci\u00e8ncia que el benestar psicol\u00f2gic dels treballadors no nom\u00e9s millora la qualitat de vida, sin\u00f3 que tamb\u00e9 incrementa la productivitat i redueix l\u2019absentisme.<\/p>\n","protected":false},"author":9,"featured_media":2255,"comment_status":"closed","ping_status":"closed","sticky":false,"template":"","format":"standard","meta":{"footnotes":""},"categories":[99],"tags":[252,27,394,177,392,393],"class_list":["post-2253","post","type-post","status-publish","format-standard","has-post-thumbnail","hentry","category-empreses","tag-asseguranca-de-salut","tag-asseguranca-medica","tag-asseguranca-medica-per-a-empreses","tag-empreses","tag-salut-mental","tag-salut-mental-empreses"],"_links":{"self":[{"href":"https:\/\/blog.serpreco.com\/cat\/wp-json\/wp\/v2\/posts\/2253","targetHints":{"allow":["GET"]}}],"collection":[{"href":"https:\/\/blog.serpreco.com\/cat\/wp-json\/wp\/v2\/posts"}],"about":[{"href":"https:\/\/blog.serpreco.com\/cat\/wp-json\/wp\/v2\/types\/post"}],"author":[{"embeddable":true,"href":"https:\/\/blog.serpreco.com\/cat\/wp-json\/wp\/v2\/users\/9"}],"replies":[{"embeddable":true,"href":"https:\/\/blog.serpreco.com\/cat\/wp-json\/wp\/v2\/comments?post=2253"}],"version-history":[{"count":2,"href":"https:\/\/blog.serpreco.com\/cat\/wp-json\/wp\/v2\/posts\/2253\/revisions"}],"predecessor-version":[{"id":2256,"href":"https:\/\/blog.serpreco.com\/cat\/wp-json\/wp\/v2\/posts\/2253\/revisions\/2256"}],"wp:featuredmedia":[{"embeddable":true,"href":"https:\/\/blog.serpreco.com\/cat\/wp-json\/wp\/v2\/media\/2255"}],"wp:attachment":[{"href":"https:\/\/blog.serpreco.com\/cat\/wp-json\/wp\/v2\/media?parent=2253"}],"wp:term":[{"taxonomy":"category","embeddable":true,"href":"https:\/\/blog.serpreco.com\/cat\/wp-json\/wp\/v2\/categories?post=2253"},{"taxonomy":"post_tag","embeddable":true,"href":"https:\/\/blog.serpreco.com\/cat\/wp-json\/wp\/v2\/tags?post=2253"}],"curies":[{"name":"wp","href":"https:\/\/api.w.org\/{rel}","templated":true}]}}