{"id":2245,"date":"2025-05-26T17:22:18","date_gmt":"2025-05-26T15:22:18","guid":{"rendered":"https:\/\/blog.serpreco.com\/cat\/?p=2245"},"modified":"2025-05-26T17:22:19","modified_gmt":"2025-05-26T15:22:19","slug":"atura-negoci-beneficis","status":"publish","type":"post","link":"https:\/\/blog.serpreco.com\/cat\/atura-negoci-beneficis\/","title":{"rendered":"Quan un imprevist atura el teu negoci: com protegir els beneficis de la teva empresa"},"content":{"rendered":"\n<p>Els negocis, siguin grans o petits, es basen en la continu\u00eftat: obrir cada dia, oferir serveis o vendre productes, atendre clients i generar ingressos. Per\u00f2, qu\u00e8 passa quan una incid\u00e8ncia inesperada obliga a aturar l\u2019activitat? Tenir una asseguran\u00e7a que cobreixi els danys materials no \u00e9s suficient. Tamb\u00e9 cal protegir <strong>el que deixes de guanyar<\/strong>: aqu\u00ed \u00e9s on entra la cobertura per <strong>p\u00e8rdua de beneficis<\/strong>.<\/p>\n\n\n\n<div id=\"ez-toc-container\" class=\"ez-toc-v2_0_75 counter-hierarchy ez-toc-counter ez-toc-grey ez-toc-container-direction\">\n<div class=\"ez-toc-title-container\"><p class=\"ez-toc-title\" style=\"cursor:inherit\">Taula de continguts<\/p>\n<\/div><nav><ul class='ez-toc-list ez-toc-list-level-1 ' ><li class='ez-toc-page-1 ez-toc-heading-level-2'><a class=\"ez-toc-link ez-toc-heading-1\" href=\"https:\/\/blog.serpreco.com\/cat\/atura-negoci-beneficis\/#Asseguranca_de_bens_vs_perdua_de_beneficis\" >Asseguran\u00e7a de b\u00e9ns vs. p\u00e8rdua de beneficis<\/a><\/li><li class='ez-toc-page-1 ez-toc-heading-level-2'><a class=\"ez-toc-link ez-toc-heading-2\" href=\"https:\/\/blog.serpreco.com\/cat\/atura-negoci-beneficis\/#Que_cobreix_i_quan_sactiva\" >Qu\u00e8 cobreix i quan s\u2019activa?<\/a><\/li><li class='ez-toc-page-1 ez-toc-heading-level-2'><a class=\"ez-toc-link ez-toc-heading-3\" href=\"https:\/\/blog.serpreco.com\/cat\/atura-negoci-beneficis\/#Com_es_calcula_la_indemnitzacio\" >Com es calcula la indemnitzaci\u00f3?<\/a><\/li><li class='ez-toc-page-1 ez-toc-heading-level-2'><a class=\"ez-toc-link ez-toc-heading-4\" href=\"https:\/\/blog.serpreco.com\/cat\/atura-negoci-beneficis\/#Continuitat_i_confianca\" >Continu\u00eftat i confian\u00e7a<\/a><\/li><li class='ez-toc-page-1 ez-toc-heading-level-2'><a class=\"ez-toc-link ez-toc-heading-5\" href=\"https:\/\/blog.serpreco.com\/cat\/atura-negoci-beneficis\/#Serpreco_la_corredoria_que_enten_el_teu_negoci\" >Serpreco, la corredoria que ent\u00e9n el teu negoci<\/a><\/li><\/ul><\/nav><\/div>\n<h2 class=\"wp-block-heading\"><span class=\"ez-toc-section\" id=\"Asseguranca_de_bens_vs_perdua_de_beneficis\"><\/span>Asseguran\u00e7a de b\u00e9ns vs. p\u00e8rdua de beneficis<span class=\"ez-toc-section-end\"><\/span><\/h2>\n\n\n\n<p>\u00c9s habitual contractar una asseguran\u00e7a per protegir el local, les m\u00e0quines o els equips inform\u00e0tics. Aquesta asseguran\u00e7a cobreix els danys materials, per\u00f2 no sempre contempla els <strong>ingressos que el negoci deixa de generar<\/strong> durant una aturada. Per aix\u00f2, la cobertura per p\u00e8rdua de beneficis \u00e9s tan important: et dona suport quan el teu negoci no pot operar, compensant les p\u00e8rdues econ\u00f2miques derivades de causes assegurades.<\/p>\n\n\n\n<h2 class=\"wp-block-heading\"><span class=\"ez-toc-section\" id=\"Que_cobreix_i_quan_sactiva\"><\/span>Qu\u00e8 cobreix i quan s\u2019activa?<span class=\"ez-toc-section-end\"><\/span><\/h2>\n\n\n\n<p>Aquesta cobertura s\u2019activa en situacions com ara:<\/p>\n\n\n\n<ul class=\"wp-block-list\">\n<li>Incendis o explosions<\/li>\n\n\n\n<li>Inundacions o danys per aigua<\/li>\n\n\n\n<li>Robatoris amb afectaci\u00f3 al funcionament<\/li>\n\n\n\n<li>Avaries greus en sistemes essencials<\/li>\n\n\n\n<li>Ordres de tancament per motius de seguretat<\/li>\n<\/ul>\n\n\n\n<p>Ara b\u00e9, <strong>no totes les p\u00f2lisses cobreixen des del primer dia<\/strong>. Sovint existeix una <strong>franqu\u00edcia temporal<\/strong>, \u00e9s a dir, un nombre d\u2019hores o dies m\u00ednims que han de passar abans que la cobertura entri en vigor. Nom\u00e9s si l\u2019aturada supera aquest per\u00edode, es calcula la indemnitzaci\u00f3 corresponent.<\/p>\n\n\n\n<h2 class=\"wp-block-heading\"><span class=\"ez-toc-section\" id=\"Com_es_calcula_la_indemnitzacio\"><\/span>Com es calcula la indemnitzaci\u00f3?<span class=\"ez-toc-section-end\"><\/span><\/h2>\n\n\n\n<p>Les asseguradores tenen f\u00f3rmules pr\u00f2pies, per\u00f2 en general es basen en:<\/p>\n\n\n\n<ul class=\"wp-block-list\">\n<li>Els <strong>ingressos mitjans<\/strong> del negoci (per exemple, els dels \u00faltims mesos)<\/li>\n\n\n\n<li>Les <strong>despeses fixes<\/strong> que es mantenen malgrat l\u2019aturada (lloguer, sous, pr\u00e9stecs&#8230;)<\/li>\n\n\n\n<li>El temps que es tarda a reprendre l\u2019activitat amb normalitat<\/li>\n<\/ul>\n\n\n\n<p>Aquest c\u00e0lcul permet que l\u2019empresa <strong>mantingui la seva estabilitat financera<\/strong>, tot i estar temporalment aturada.<\/p>\n\n\n\n<h2 class=\"wp-block-heading\"><span class=\"ez-toc-section\" id=\"Continuitat_i_confianca\"><\/span>Continu\u00eftat i confian\u00e7a<span class=\"ez-toc-section-end\"><\/span><\/h2>\n\n\n\n<p>Disposar d\u2019aquesta cobertura dona tranquil\u00b7litat i temps per reaccionar. Evita haver de prendre decisions precipitades o buscar finan\u00e7ament urgent. A m\u00e9s, transmet <strong>seguretat als clients i treballadors<\/strong>, sabent que el <a href=\"https:\/\/blog.serpreco.com\/cat\/estafes-internet-empreses\/\" target=\"_blank\" data-type=\"post\" data-id=\"2234\" rel=\"noreferrer noopener\">n<\/a><a href=\"https:\/\/blog.serpreco.com\/cat\/estafes-internet-empreses\/\" data-type=\"post\" data-id=\"2234\">egoci <\/a>pot afrontar una crisi sense perdre la seva base.<\/p>\n\n\n\n<h2 class=\"wp-block-heading\"><span class=\"ez-toc-section\" id=\"Serpreco_la_corredoria_que_enten_el_teu_negoci\"><\/span>Serpreco, la corredoria que ent\u00e9n el teu negoci<span class=\"ez-toc-section-end\"><\/span><\/h2>\n\n\n\n<p>A <strong>Serpreco<\/strong>, la corredoria d\u2019assegurances vinculada a <strong>La M\u00fatua dels Enginyers<\/strong>, t\u2019ajudem a protegir all\u00f2 m\u00e9s important: la continu\u00eftat del teu negoci. Disposem de <a href=\"https:\/\/www.mutua-enginyers.com\/empreses\/assegurances-de-danys-materials\/multirisc-oficina-i-comerc\" target=\"_blank\" rel=\"noreferrer noopener\">p\u00f2lisses per a oficines, despatxos professionals i pimes<\/a> que inclouen la cobertura per p\u00e8rdua de beneficis, adaptada a la teva activitat i necessitats.<\/p>\n\n\n\n<p>Amb Serpreco, no nom\u00e9s assegures els b\u00e9ns materials, sin\u00f3 tamb\u00e9 la <strong>capacitat de generar ingressos<\/strong> encara que hagis d\u2019aturar-te temporalment. Perqu\u00e8 quan el teu negoci s\u2019atura, el suport ha de continuar.<\/p>\n\n\n\n<p><strong><a href=\"https:\/\/www.mutua-enginyers.com\/contactar\" target=\"_blank\" rel=\"noreferrer noopener\">Contacta<\/a> amb nosaltres sense cap comprom\u00eds!<\/strong><\/p>\n","protected":false},"excerpt":{"rendered":"<p>Els negocis, siguin grans o petits, es basen en la continu\u00eftat: obrir cada dia, oferir serveis o vendre productes, atendre clients i generar ingressos. Per\u00f2, qu\u00e8 passa quan una incid\u00e8ncia inesperada obliga a aturar l\u2019activitat? <\/p>\n","protected":false},"author":9,"featured_media":2247,"comment_status":"closed","ping_status":"closed","sticky":false,"template":"","format":"standard","meta":{"footnotes":""},"categories":[99],"tags":[26,388,387,17,14,242,144,10],"class_list":["post-2245","post","type-post","status-publish","format-standard","has-post-thumbnail","hentry","category-empreses","tag-asseguranca","tag-asseguranca-per-a-pimes","tag-aturada-de-negoci","tag-corredoria-dassegurances","tag-mutua-dels-enginyers","tag-pime","tag-pimes","tag-serpreco"],"_links":{"self":[{"href":"https:\/\/blog.serpreco.com\/cat\/wp-json\/wp\/v2\/posts\/2245","targetHints":{"allow":["GET"]}}],"collection":[{"href":"https:\/\/blog.serpreco.com\/cat\/wp-json\/wp\/v2\/posts"}],"about":[{"href":"https:\/\/blog.serpreco.com\/cat\/wp-json\/wp\/v2\/types\/post"}],"author":[{"embeddable":true,"href":"https:\/\/blog.serpreco.com\/cat\/wp-json\/wp\/v2\/users\/9"}],"replies":[{"embeddable":true,"href":"https:\/\/blog.serpreco.com\/cat\/wp-json\/wp\/v2\/comments?post=2245"}],"version-history":[{"count":2,"href":"https:\/\/blog.serpreco.com\/cat\/wp-json\/wp\/v2\/posts\/2245\/revisions"}],"predecessor-version":[{"id":2248,"href":"https:\/\/blog.serpreco.com\/cat\/wp-json\/wp\/v2\/posts\/2245\/revisions\/2248"}],"wp:featuredmedia":[{"embeddable":true,"href":"https:\/\/blog.serpreco.com\/cat\/wp-json\/wp\/v2\/media\/2247"}],"wp:attachment":[{"href":"https:\/\/blog.serpreco.com\/cat\/wp-json\/wp\/v2\/media?parent=2245"}],"wp:term":[{"taxonomy":"category","embeddable":true,"href":"https:\/\/blog.serpreco.com\/cat\/wp-json\/wp\/v2\/categories?post=2245"},{"taxonomy":"post_tag","embeddable":true,"href":"https:\/\/blog.serpreco.com\/cat\/wp-json\/wp\/v2\/tags?post=2245"}],"curies":[{"name":"wp","href":"https:\/\/api.w.org\/{rel}","templated":true}]}}