{"id":2229,"date":"2025-04-11T09:34:52","date_gmt":"2025-04-11T07:34:52","guid":{"rendered":"https:\/\/blog.serpreco.com\/cat\/?p=2229"},"modified":"2025-04-15T09:41:37","modified_gmt":"2025-04-15T07:41:37","slug":"setmana-santa-checklist","status":"publish","type":"post","link":"https:\/\/blog.serpreco.com\/cat\/setmana-santa-checklist\/","title":{"rendered":"Escapades per Setmana Santa: &#8216;checklist&#8217; de coses que no et pots oblidar"},"content":{"rendered":"\n<p>Setmana Santa \u00e9s l&#8217;excusa perfecta per fer una escapada i desconnectar de la <a href=\"https:\/\/blog.serpreco.com\/cat\/5-llocs-viatjar-setmana-santa\/\" target=\"_blank\" data-type=\"post\" data-id=\"2059\" rel=\"noreferrer noopener\">rutina<\/a>. Sigui una ruta de muntanya, una ciutat europea o una platja paradis\u00edaca, preparar l&#8217;equipatge correctament \u00e9s clau per evitar imprevistos. Aqu\u00ed tens una <strong><em>checklist<\/em><\/strong> essencial amb tot all\u00f2 que no et pots oblidar.<\/p>\n\n\n\n<div id=\"ez-toc-container\" class=\"ez-toc-v2_0_75 counter-hierarchy ez-toc-counter ez-toc-grey ez-toc-container-direction\">\n<div class=\"ez-toc-title-container\"><p class=\"ez-toc-title\" style=\"cursor:inherit\">Taula de continguts<\/p>\n<\/div><nav><ul class='ez-toc-list ez-toc-list-level-1 ' ><li class='ez-toc-page-1 ez-toc-heading-level-2'><a class=\"ez-toc-link ez-toc-heading-1\" href=\"https:\/\/blog.serpreco.com\/cat\/setmana-santa-checklist\/#Documentacio_i_diners_els_basics_del_viatge\" >Documentaci\u00f3 i diners: els b\u00e0sics del viatge<\/a><\/li><li class='ez-toc-page-1 ez-toc-heading-level-2'><a class=\"ez-toc-link ez-toc-heading-2\" href=\"https:\/\/blog.serpreco.com\/cat\/setmana-santa-checklist\/#Roba_adequada_vestir-se_per_a_qualsevol_ocasio\" >Roba adequada: vestir-se per a qualsevol ocasi\u00f3<\/a><\/li><li class='ez-toc-page-1 ez-toc-heading-level-2'><a class=\"ez-toc-link ez-toc-heading-3\" href=\"https:\/\/blog.serpreco.com\/cat\/setmana-santa-checklist\/#Necesser_salut_i_higiene_a_la_maleta\" >Necesser: salut i higiene a la maleta<\/a><\/li><li class='ez-toc-page-1 ez-toc-heading-level-2'><a class=\"ez-toc-link ez-toc-heading-4\" href=\"https:\/\/blog.serpreco.com\/cat\/setmana-santa-checklist\/#Gadgets_imprescindibles_tecnologia_a_punt\" >Gadgets imprescindibles: tecnologia a punt<\/a><\/li><li class='ez-toc-page-1 ez-toc-heading-level-2'><a class=\"ez-toc-link ez-toc-heading-5\" href=\"https:\/\/blog.serpreco.com\/cat\/setmana-santa-checklist\/#Entreteniment_i_comoditat_per_al_viatge\" >Entreteniment i comoditat per al viatge<\/a><\/li><li class='ez-toc-page-1 ez-toc-heading-level-2'><a class=\"ez-toc-link ez-toc-heading-6\" href=\"https:\/\/blog.serpreco.com\/cat\/setmana-santa-checklist\/#Asseguranca_de_viatge_Setmana_Santa_amb_Serpreco\" >Asseguran\u00e7a de viatge: Setmana Santa amb Serpreco<\/a><\/li><\/ul><\/nav><\/div>\n<h2 class=\"wp-block-heading\"><span class=\"ez-toc-section\" id=\"Documentacio_i_diners_els_basics_del_viatge\"><\/span>Documentaci\u00f3 i diners: els b\u00e0sics del viatge<span class=\"ez-toc-section-end\"><\/span><\/h2>\n\n\n\n<p>Abans de sortir, assegura&#8217;t de portar el <strong>DNI o passaport<\/strong> en regla. Si viatges a l&#8217;estranger, comprova si necessites <strong>visat<\/strong> o altres permisos. Porta sempre una <strong>c\u00f2pia digital<\/strong> d\u2019aquests documents per si els perds. A m\u00e9s a m\u00e9s, no t&#8217;oblidis de la <strong>targeta sanit\u00e0ria<\/strong> i d\u2019un m\u00ednim d\u2019<strong>efectiu<\/strong>, per si trobes llocs on no acceptin pagaments electr\u00f2nics.<\/p>\n\n\n\n<h2 class=\"wp-block-heading\"><span class=\"ez-toc-section\" id=\"Roba_adequada_vestir-se_per_a_qualsevol_ocasio\"><\/span>Roba adequada: vestir-se per a qualsevol ocasi\u00f3<span class=\"ez-toc-section-end\"><\/span><\/h2>\n\n\n\n<p>El clima pot ser <strong>imprevisible<\/strong>, per aix\u00f2 \u00e9s essencial portar <strong>capes de roba<\/strong> per adaptar-te a qualsevol temperatura. Recorda portar una <strong>jaqueta impermeable<\/strong>, unes <strong>bones sabates c\u00f2modes<\/strong> i, si vas a una destinaci\u00f3 de sol, roba lleugera i una <strong>gorra o barret<\/strong>.<\/p>\n\n\n\n<h2 class=\"wp-block-heading\"><span class=\"ez-toc-section\" id=\"Necesser_salut_i_higiene_a_la_maleta\"><\/span>Necesser: salut i higiene a la maleta<span class=\"ez-toc-section-end\"><\/span><\/h2>\n\n\n\n<p>Porta el teu <strong>raspall de dents, pasta, desodorant, sab\u00f3 i xamp\u00fa<\/strong> en pots petits per estalviar espai. No oblidis una <strong>crema solar<\/strong> per protegir-te dels raigs UV i un <strong>repel\u00b7lent de mosquits<\/strong> si viatges a zones humides. A m\u00e9s, sempre va b\u00e9 portar una <strong>petita farmaciola<\/strong> amb analg\u00e8sics, tiretes i medicaci\u00f3 b\u00e0sica.<\/p>\n\n\n\n<h2 class=\"wp-block-heading\"><span class=\"ez-toc-section\" id=\"Gadgets_imprescindibles_tecnologia_a_punt\"><\/span>Gadgets imprescindibles: tecnologia a punt<span class=\"ez-toc-section-end\"><\/span><\/h2>\n\n\n\n<p>El teu <strong>m\u00f2bil<\/strong> \u00e9s una eina essencial, per\u00f2 sense <strong>carregador<\/strong>, poc podr\u00e0s fer! Si viatges a un pa\u00eds amb endolls diferents, porta un <strong>adaptador universal<\/strong>. A m\u00e9s a m\u00e9s, una <strong>bateria externa<\/strong> et salvar\u00e0 quan no tinguis un endoll a prop. Si t\u2019agrada la fotografia, la <strong>c\u00e0mera<\/strong> ser\u00e0 el teu millor aliat.<\/p>\n\n\n\n<h2 class=\"wp-block-heading\"><span class=\"ez-toc-section\" id=\"Entreteniment_i_comoditat_per_al_viatge\"><\/span>Entreteniment i comoditat per al viatge<span class=\"ez-toc-section-end\"><\/span><\/h2>\n\n\n\n<p>Si el teu trajecte \u00e9s llarg, porta <strong>auriculars<\/strong>, un <strong>llibre<\/strong> o descarrega s\u00e8ries i m\u00fasica per fer el viatge m\u00e9s am\u00e8. Per dormir millor en avions o trens, una <strong>m\u00e0scara per als ulls i un coix\u00ed cervical<\/strong> poden ser grans aliats.<\/p>\n\n\n\n<h2 class=\"wp-block-heading\"><span class=\"ez-toc-section\" id=\"Asseguranca_de_viatge_Setmana_Santa_amb_Serpreco\"><\/span>Asseguran\u00e7a de viatge: Setmana Santa amb Serpreco<span class=\"ez-toc-section-end\"><\/span><\/h2>\n\n\n\n<p>Malgrat preparar-ho tot amb cura, els <strong>imprevistos<\/strong> sempre poden apar\u00e8ixer. P\u00e8rdues d\u2019equipatge, cancel\u00b7lacions de vols o problemes de salut poden convertir un viatge en un mal de cap. Per aix\u00f2, contractar una <a href=\"https:\/\/www.mutua-enginyers.com\/particulars\/assegurances-de-danys-materials\/asseguranca-assistencia-en-viatge\" target=\"_blank\" rel=\"noreferrer noopener\"><strong>asseguran\u00e7a de viatge<\/strong><\/a> amb <strong>Serpreco, corredoria d\u2019assegurances vinculada a La M\u00fatua dels Enginyers<\/strong>, \u00e9s la millor manera de viatjar amb tranquil\u00b7litat.<\/p>\n\n\n\n<p><strong>Protegeix-te i gaudeix de la teva escapada sense preocupacions!<\/strong><\/p>\n","protected":false},"excerpt":{"rendered":"<p>Setmana Santa \u00e9s l&#8217;excusa perfecta per fer una escapada i desconnectar de la rutina. Sigui una ruta de muntanya, una ciutat europea o una platja paradis\u00edaca, preparar l&#8217;equipatge correctament \u00e9s clau per evitar imprevistos. <\/p>\n","protected":false},"author":9,"featured_media":2230,"comment_status":"closed","ping_status":"closed","sticky":false,"template":"","format":"standard","meta":{"footnotes":""},"categories":[98],"tags":[184,380,17,382,381,10,42,324],"class_list":["post-2229","post","type-post","status-publish","format-standard","has-post-thumbnail","hentry","category-particulars","tag-asseguranca-de-viatge","tag-checklist-setmana-santa","tag-corredoria-dassegurances","tag-escapada","tag-escapades-setmana-santa","tag-serpreco","tag-setmana-santa","tag-viatjar"],"_links":{"self":[{"href":"https:\/\/blog.serpreco.com\/cat\/wp-json\/wp\/v2\/posts\/2229","targetHints":{"allow":["GET"]}}],"collection":[{"href":"https:\/\/blog.serpreco.com\/cat\/wp-json\/wp\/v2\/posts"}],"about":[{"href":"https:\/\/blog.serpreco.com\/cat\/wp-json\/wp\/v2\/types\/post"}],"author":[{"embeddable":true,"href":"https:\/\/blog.serpreco.com\/cat\/wp-json\/wp\/v2\/users\/9"}],"replies":[{"embeddable":true,"href":"https:\/\/blog.serpreco.com\/cat\/wp-json\/wp\/v2\/comments?post=2229"}],"version-history":[{"count":3,"href":"https:\/\/blog.serpreco.com\/cat\/wp-json\/wp\/v2\/posts\/2229\/revisions"}],"predecessor-version":[{"id":2233,"href":"https:\/\/blog.serpreco.com\/cat\/wp-json\/wp\/v2\/posts\/2229\/revisions\/2233"}],"wp:featuredmedia":[{"embeddable":true,"href":"https:\/\/blog.serpreco.com\/cat\/wp-json\/wp\/v2\/media\/2230"}],"wp:attachment":[{"href":"https:\/\/blog.serpreco.com\/cat\/wp-json\/wp\/v2\/media?parent=2229"}],"wp:term":[{"taxonomy":"category","embeddable":true,"href":"https:\/\/blog.serpreco.com\/cat\/wp-json\/wp\/v2\/categories?post=2229"},{"taxonomy":"post_tag","embeddable":true,"href":"https:\/\/blog.serpreco.com\/cat\/wp-json\/wp\/v2\/tags?post=2229"}],"curies":[{"name":"wp","href":"https:\/\/api.w.org\/{rel}","templated":true}]}}