{"id":2217,"date":"2025-03-13T12:52:11","date_gmt":"2025-03-13T10:52:11","guid":{"rendered":"https:\/\/blog.serpreco.com\/cat\/?p=2217"},"modified":"2025-03-13T12:52:13","modified_gmt":"2025-03-13T10:52:13","slug":"cotxes-del-futur-tendencies","status":"publish","type":"post","link":"https:\/\/blog.serpreco.com\/cat\/cotxes-del-futur-tendencies\/","title":{"rendered":"Els cotxes del futur: tend\u00e8ncies en mobilitat i sostenibilitat"},"content":{"rendered":"\n<p>El <strong>futur de la mobilitat<\/strong> est\u00e0 canviant r\u00e0pidament, impulsat per la tecnologia i la necessitat de solucions m\u00e9s sostenibles. Els cotxes del futur no nom\u00e9s seran m\u00e9s eficients, sin\u00f3 que tamb\u00e9 transformaran la manera en qu\u00e8 ens desplacem i ens relacionem amb les ciutats. <strong>Repassem les principals tend\u00e8ncies que marcaran el cam\u00ed!<\/strong><\/p>\n\n\n\n<div id=\"ez-toc-container\" class=\"ez-toc-v2_0_75 counter-hierarchy ez-toc-counter ez-toc-grey ez-toc-container-direction\">\n<div class=\"ez-toc-title-container\"><p class=\"ez-toc-title\" style=\"cursor:inherit\">Taula de continguts<\/p>\n<\/div><nav><ul class='ez-toc-list ez-toc-list-level-1 ' ><li class='ez-toc-page-1 ez-toc-heading-level-2'><a class=\"ez-toc-link ez-toc-heading-1\" href=\"https:\/\/blog.serpreco.com\/cat\/cotxes-del-futur-tendencies\/#1_Electrificacio_i_energies_renovables\" >1. Electrificaci\u00f3 i energies renovables<\/a><\/li><li class='ez-toc-page-1 ez-toc-heading-level-2'><a class=\"ez-toc-link ez-toc-heading-2\" href=\"https:\/\/blog.serpreco.com\/cat\/cotxes-del-futur-tendencies\/#2_Conduccio_autonoma\" >2. Conducci\u00f3 aut\u00f2noma<\/a><\/li><li class='ez-toc-page-1 ez-toc-heading-level-2'><a class=\"ez-toc-link ez-toc-heading-3\" href=\"https:\/\/blog.serpreco.com\/cat\/cotxes-del-futur-tendencies\/#3_Cotxes_connectats_i_mobilitat_intelligent\" >3. Cotxes connectats i mobilitat intel\u00b7ligent<\/a><\/li><li class='ez-toc-page-1 ez-toc-heading-level-2'><a class=\"ez-toc-link ez-toc-heading-4\" href=\"https:\/\/blog.serpreco.com\/cat\/cotxes-del-futur-tendencies\/#4_Economia_collaborativa_i_nous_models_de_propietat\" >4. Economia col\u00b7laborativa i nous models de propietat<\/a><\/li><li class='ez-toc-page-1 ez-toc-heading-level-2'><a class=\"ez-toc-link ez-toc-heading-5\" href=\"https:\/\/blog.serpreco.com\/cat\/cotxes-del-futur-tendencies\/#5_Infraestructures_sostenibles_i_ciutats_del_futur\" >5. Infraestructures sostenibles i ciutats del futur<\/a><\/li><li class='ez-toc-page-1 ez-toc-heading-level-2'><a class=\"ez-toc-link ez-toc-heading-6\" href=\"https:\/\/blog.serpreco.com\/cat\/cotxes-del-futur-tendencies\/#Protegeix_el_teu_vehicle_amb_una_asseguranca_especialitzada\" >Protegeix el teu vehicle amb una asseguran\u00e7a especialitzada<\/a><\/li><\/ul><\/nav><\/div>\n<h2 class=\"wp-block-heading\"><span class=\"ez-toc-section\" id=\"1_Electrificacio_i_energies_renovables\"><\/span>1. Electrificaci\u00f3 i energies renovables<span class=\"ez-toc-section-end\"><\/span><\/h2>\n\n\n\n<p>Els <strong>vehicles el\u00e8ctrics<\/strong> (VE) han arribat per quedar-se. Amb una reducci\u00f3 constant dels costos de les bateries i una autonomia cada cop m\u00e9s gran, els VE es perfilen com el futur de la mobilitat. A m\u00e9s, es treballa en <strong>combustibles alternatius<\/strong> com l\u2019hidrogen verd, que ofereix una opci\u00f3 encara m\u00e9s neta per al transport.<\/p>\n\n\n\n<h2 class=\"wp-block-heading\"><span class=\"ez-toc-section\" id=\"2_Conduccio_autonoma\"><\/span>2. Conducci\u00f3 aut\u00f2noma<span class=\"ez-toc-section-end\"><\/span><\/h2>\n\n\n\n<p>Els aven\u00e7os en <strong>intel\u00b7lig\u00e8ncia artificial<\/strong> i sensors han fet possible la <strong>conducci\u00f3 aut\u00f2noma<\/strong>. Encara que la seva implantaci\u00f3 total trigar\u00e0 uns anys, cada cop m\u00e9s cotxes incorporen sistemes de conducci\u00f3 assistida, que <strong>milloren la seguretat i l\u2019efici\u00e8ncia<\/strong>. Aix\u00f2 podria reduir els accidents i optimitzar el tr\u00e0nsit a les grans ciutats.<\/p>\n\n\n\n<h2 class=\"wp-block-heading\"><span class=\"ez-toc-section\" id=\"3_Cotxes_connectats_i_mobilitat_intelligent\"><\/span>3. Cotxes connectats i mobilitat intel\u00b7ligent<span class=\"ez-toc-section-end\"><\/span><\/h2>\n\n\n\n<p>Els <a href=\"https:\/\/blog.serpreco.com\/cat\/cotxe-asseguranca\/\" target=\"_blank\" data-type=\"post\" data-id=\"1663\" rel=\"noreferrer noopener\">vehicles <\/a>connectats poden comunicar-se amb infraestructures i altres cotxes en temps real. Aix\u00f2 permet optimitzar rutes, evitar embussos i <strong>millorar l\u2019experi\u00e8ncia de conducci\u00f3<\/strong>. A m\u00e9s, amb la integraci\u00f3 d\u2019<em>apps<\/em> i serveis digitals, la mobilitat ser\u00e0 m\u00e9s personalitzada i eficient.<\/p>\n\n\n\n<h2 class=\"wp-block-heading\"><span class=\"ez-toc-section\" id=\"4_Economia_collaborativa_i_nous_models_de_propietat\"><\/span>4. Economia col\u00b7laborativa i nous models de propietat<span class=\"ez-toc-section-end\"><\/span><\/h2>\n\n\n\n<p>L\u2019auge de serveis com el <strong><em>carsharing<\/em><\/strong> i el <strong><em>ridesharing<\/em><\/strong> est\u00e0 canviant la manera en qu\u00e8 les persones accedeixen a un vehicle. Cada cop m\u00e9s persones opten per <strong>l\u2019\u00fas compartit en lloc de la compra<\/strong>, reduint el nombre de cotxes a la carretera i millorant l\u2019efici\u00e8ncia del transport urb\u00e0.<\/p>\n\n\n\n<h2 class=\"wp-block-heading\"><span class=\"ez-toc-section\" id=\"5_Infraestructures_sostenibles_i_ciutats_del_futur\"><\/span>5. Infraestructures sostenibles i ciutats del futur<span class=\"ez-toc-section-end\"><\/span><\/h2>\n\n\n\n<p>Els cotxes del futur necessiten ciutats adaptades. Aix\u00f2 inclou m\u00e9s punts de c\u00e0rrega el\u00e8ctrica, millores en el transport p\u00fablic i dissenys urbans pensats per a la mobilitat sostenible. <strong>Les ciutats intel\u00b7ligents<\/strong> integraran tecnologies per reduir la contaminaci\u00f3 i fomentar opcions de transport m\u00e9s netes.<\/p>\n\n\n\n<h2 class=\"wp-block-heading\"><span class=\"ez-toc-section\" id=\"Protegeix_el_teu_vehicle_amb_una_asseguranca_especialitzada\"><\/span>Protegeix el teu vehicle amb una asseguran\u00e7a especialitzada<span class=\"ez-toc-section-end\"><\/span><\/h2>\n\n\n\n<p>Amb aquests canvis, \u00e9s important comptar amb una <a href=\"https:\/\/www.mutua-enginyers.com\/particulars\/assegurances-de-danys-materials\/asseguranca-de-cotxe\" target=\"_blank\" rel=\"noreferrer noopener\"><strong>asseguran\u00e7a de cotxe<\/strong><\/a> que cobreixi les noves necessitats de la mobilitat. A Serpreco, corredoria d\u2019assegurances vinculada a La M\u00fatua dels Enginyers, oferim opcions que s\u2019adapten al que realment necessites. <strong>No deixis el teu futur a l\u2019atzar: protegeix el teu vehicle i condueix amb tranquil\u00b7litat.<\/strong><\/p>\n\n\n\n<figure class=\"wp-block-image size-full\"><img fetchpriority=\"high\" decoding=\"async\" width=\"1000\" height=\"494\" src=\"https:\/\/blog.serpreco.com\/cat\/wp-content\/uploads\/sites\/3\/2025\/03\/cotxes-del-futur-sostenible-1.jpg\" alt=\"\" class=\"wp-image-2222\" srcset=\"https:\/\/blog.serpreco.com\/cat\/wp-content\/uploads\/sites\/3\/2025\/03\/cotxes-del-futur-sostenible-1.jpg 1000w, https:\/\/blog.serpreco.com\/cat\/wp-content\/uploads\/sites\/3\/2025\/03\/cotxes-del-futur-sostenible-1-300x148.jpg 300w, https:\/\/blog.serpreco.com\/cat\/wp-content\/uploads\/sites\/3\/2025\/03\/cotxes-del-futur-sostenible-1-768x379.jpg 768w\" sizes=\"(max-width: 1000px) 100vw, 1000px\" \/><\/figure>\n","protected":false},"excerpt":{"rendered":"<p>El futur de la mobilitat est\u00e0 canviant r\u00e0pidament, impulsat per la tecnologia i la necessitat de solucions m\u00e9s sostenibles. Els cotxes del futur no nom\u00e9s seran m\u00e9s eficients, sin\u00f3 que tamb\u00e9 transformaran la manera en qu\u00e8 ens desplacem i ens relacionem amb les ciutats.<\/p>\n","protected":false},"author":9,"featured_media":2219,"comment_status":"closed","ping_status":"closed","sticky":false,"template":"","format":"standard","meta":{"footnotes":""},"categories":[98],"tags":[47,94,17,376,377,14,10],"class_list":["post-2217","post","type-post","status-publish","format-standard","has-post-thumbnail","hentry","category-particulars","tag-asseguranca-dautomobil","tag-asseguranca-de-cotxe","tag-corredoria-dassegurances","tag-cotxes-del-futur","tag-cotxes-sostenibles","tag-mutua-dels-enginyers","tag-serpreco"],"_links":{"self":[{"href":"https:\/\/blog.serpreco.com\/cat\/wp-json\/wp\/v2\/posts\/2217","targetHints":{"allow":["GET"]}}],"collection":[{"href":"https:\/\/blog.serpreco.com\/cat\/wp-json\/wp\/v2\/posts"}],"about":[{"href":"https:\/\/blog.serpreco.com\/cat\/wp-json\/wp\/v2\/types\/post"}],"author":[{"embeddable":true,"href":"https:\/\/blog.serpreco.com\/cat\/wp-json\/wp\/v2\/users\/9"}],"replies":[{"embeddable":true,"href":"https:\/\/blog.serpreco.com\/cat\/wp-json\/wp\/v2\/comments?post=2217"}],"version-history":[{"count":3,"href":"https:\/\/blog.serpreco.com\/cat\/wp-json\/wp\/v2\/posts\/2217\/revisions"}],"predecessor-version":[{"id":2223,"href":"https:\/\/blog.serpreco.com\/cat\/wp-json\/wp\/v2\/posts\/2217\/revisions\/2223"}],"wp:featuredmedia":[{"embeddable":true,"href":"https:\/\/blog.serpreco.com\/cat\/wp-json\/wp\/v2\/media\/2219"}],"wp:attachment":[{"href":"https:\/\/blog.serpreco.com\/cat\/wp-json\/wp\/v2\/media?parent=2217"}],"wp:term":[{"taxonomy":"category","embeddable":true,"href":"https:\/\/blog.serpreco.com\/cat\/wp-json\/wp\/v2\/categories?post=2217"},{"taxonomy":"post_tag","embeddable":true,"href":"https:\/\/blog.serpreco.com\/cat\/wp-json\/wp\/v2\/tags?post=2217"}],"curies":[{"name":"wp","href":"https:\/\/api.w.org\/{rel}","templated":true}]}}