{"id":2022,"date":"2023-11-18T18:35:06","date_gmt":"2023-11-18T16:35:06","guid":{"rendered":"https:\/\/blog.serpreco.com\/cat\/?p=2022"},"modified":"2023-11-18T18:35:08","modified_gmt":"2023-11-18T16:35:08","slug":"agencia-tributaria-responsabilitat","status":"publish","type":"post","link":"https:\/\/blog.serpreco.com\/cat\/agencia-tributaria-responsabilitat\/","title":{"rendered":"L\u2019enfocament de l\u2019Ag\u00e8ncia Tribut\u00e0ria en la Responsabilitat dels Administradors"},"content":{"rendered":"\n<p>L\u2019Ag\u00e8ncia Tribut\u00e0ria est\u00e0 centrant la seva mirada en la responsabilitat dels administradors, generant un <strong>augment en les derivacions de responsabilitat i accions judicials en els \u00faltims anys<\/strong>. Aix\u00f2 t\u00e9 un impacte directe en la gesti\u00f3 de riscos dels administradors i alts c\u00e0rrecs de les empreses, que <strong>subratlla la import\u00e0ncia de comptar amb una asseguran\u00e7a de D&amp;O<\/strong>.<\/p>\n\n\n\n<div id=\"ez-toc-container\" class=\"ez-toc-v2_0_75 counter-hierarchy ez-toc-counter ez-toc-grey ez-toc-container-direction\">\n<div class=\"ez-toc-title-container\"><p class=\"ez-toc-title\" style=\"cursor:inherit\">Taula de continguts<\/p>\n<\/div><nav><ul class='ez-toc-list ez-toc-list-level-1 ' ><li class='ez-toc-page-1 ez-toc-heading-level-2'><a class=\"ez-toc-link ez-toc-heading-1\" href=\"https:\/\/blog.serpreco.com\/cat\/agencia-tributaria-responsabilitat\/#Dades_del_2022\" >Dades del 2022<\/a><\/li><li class='ez-toc-page-1 ez-toc-heading-level-2'><a class=\"ez-toc-link ez-toc-heading-2\" href=\"https:\/\/blog.serpreco.com\/cat\/agencia-tributaria-responsabilitat\/#Exemple_dun_cas_real\" >Exemple d\u2019un cas real<\/a><\/li><li class='ez-toc-page-1 ez-toc-heading-level-2'><a class=\"ez-toc-link ez-toc-heading-3\" href=\"https:\/\/blog.serpreco.com\/cat\/agencia-tributaria-responsabilitat\/#Lasseguranca_de_D_O_esdeve_indispensable\" >L\u2019asseguran\u00e7a de D&amp;O esdev\u00e9 indispensable<\/a><\/li><\/ul><\/nav><\/div>\n<h2 class=\"wp-block-heading\"><span class=\"ez-toc-section\" id=\"Dades_del_2022\"><\/span>Dades del 2022<span class=\"ez-toc-section-end\"><\/span><\/h2>\n\n\n\n<p>L\u2019any passat, l\u2019Ag\u00e8ncia Tribut\u00e0ria va fer <strong>m\u00e9s de 30.000 derivacions de responsabilitat i altres deutes a tercers<\/strong>. Aquest nombre representa un increment del 7.7% respecte a l\u2019any 2021, el que indica que l\u2019Ag\u00e8ncia Tribut\u00e0ria est\u00e0 centrada a fer complir la responsabilitat fiscal i, en cas contrari, prendre les accions legals corresponents. El 2022, es van dur a terme <strong>m\u00e9s de 1.000 accions judicials<\/strong>, amb un augment del 6,3% respecte a l\u2019any anterior, la majoria en forma d\u2019accions civil i concursals.<\/p>\n\n\n\n<p>Com a resultat de les derivacions de responsabilitat per la via administrativa, l\u2019any 2022, <strong>l\u2019Ag\u00e8ncia Tribut\u00e0ria va recuperar deutes per un total de 580 milions d\u2019euros<\/strong>, amb un increment del 31,5% en comparaci\u00f3 de l\u2019any anterior.<\/p>\n\n\n\n<h2 class=\"wp-block-heading\"><span class=\"ez-toc-section\" id=\"Exemple_dun_cas_real\"><\/span>Exemple d\u2019un cas real<span class=\"ez-toc-section-end\"><\/span><\/h2>\n\n\n\n<p>La Fiscalia de Tarragona ha demanat <strong>onze anys de pressi\u00f3 per a tres directius d\u2019IQOXE<\/strong> arrel d\u2019una <strong>explosi\u00f3<\/strong> que va causar la <strong>mort de tres persones<\/strong> l\u2019any 2020. El fiscal va considerar que la causa va ser l\u2019objectiu d\u2019obtenir majors beneficis, reduint costos, incloent-hi el personal. Aquesta decisi\u00f3 va posar en risc la seguretat, fet que va facilitar l\u2019explosi\u00f3.<\/p>\n\n\n\n<p>Actualment, <strong>els tres directius estan acusats d\u2019un delicte d\u2019homicidi imprudent i tretze lesions als ferits, aix\u00ed com danys al medi ambient<\/strong>. IQOXE haur\u00e0 de pagar <strong>900.000 euros de multa<\/strong>.<\/p>\n\n\n\n<h2 class=\"wp-block-heading\"><span class=\"ez-toc-section\" id=\"Lasseguranca_de_D_O_esdeve_indispensable\"><\/span>L\u2019asseguran\u00e7a de D&amp;O esdev\u00e9 indispensable<span class=\"ez-toc-section-end\"><\/span><\/h2>\n\n\n\n<p>Les assegurances de <a href=\"https:\/\/blog.serpreco.com\/cat\/rol-directiu-a-lempresa\/\" target=\"_blank\" data-type=\"post\" data-id=\"1667\" rel=\"noreferrer noopener\">D&amp;O <\/a>(responsabilitat d\u2019administradors i alts c\u00e0rrecs) es converteixen en un pilar fonamental en la <strong>protecci\u00f3 dels administradors i alts c\u00e0rrecs<\/strong>. L\u2019asseguran\u00e7a garanteix la responsabilitat personal de les persones directives. Protegeix el seu patrimoni, aix\u00ed com el patrimoni social de l\u2019empresa davant de reclamacions derivades d\u2019una actuaci\u00f3 culposa i <strong>evita inc\u00f3rrer en els costos reputacionals associats a demandes de responsabilitat<\/strong>.\u00a0<\/p>\n\n\n\n<p>En el context actual, \u00e9s indispensable\u00a0 tenir una major consci\u00e8ncia de la import\u00e0ncia de comptar amb una <a href=\"https:\/\/www.serpreco.com\/empreses\/responsabilitat_civil\/asseguranca_de_d_o\" target=\"_blank\" rel=\"noreferrer noopener\"><strong>asseguran\u00e7a de D&amp;O<\/strong><\/a>. <a href=\"https:\/\/www.serpreco.com\" target=\"_blank\" rel=\"noreferrer noopener\">Serpreco<\/a>, corredoria d\u2019assegurances de <strong>La M\u00fatua dels Enginyers,<\/strong> t\u2019ofereix una asseguran\u00e7a de D&amp;O capa\u00e7 de protegir-te davant de qualsevol reclamaci\u00f3.<\/p>\n\n\n\n<p><strong>Et cobrir\u00e0<\/strong>:<\/p>\n\n\n\n<ul class=\"wp-block-list\"><li>RC dels administradors i alts c\u00e0rrecs.<\/li><li>Inhabilitaci\u00f3 professional.<\/li><li>Responsabilitat concursal.<\/li><li>Despeses de constituci\u00f3 d\u2019aval concursal.<\/li><li>Despeses de representaci\u00f3 legal, d\u2019extradici\u00f3, de publicitat i de ger\u00e8ncia de riscos.<\/li><li>Fiances civils i despeses de constituci\u00f3 de fiances penals.<\/li><li>Reclamacions per pr\u00e0ctiques laborals amb cobertura a l\u2019entitat.<\/li><li>Sancions administratives.<\/li><\/ul>\n\n\n\n<p><strong>Protegeix el teu patrimoni i el de l\u2019empresa amb Serpreco. Envia\u2019ns un <\/strong><a href=\"https:\/\/wa.me\/message\/AA7URW4D3M43K1\/\" target=\"_blank\" rel=\"noreferrer noopener\"><strong>WhatsApp<\/strong><\/a><strong>, truca\u2019ns al 93 295 43 00 o envia\u2019ns un mail a <\/strong><a href=\"mailto:correu@serpreco.com\" target=\"_blank\" rel=\"noreferrer noopener\"><strong>correu@serpreco.com<\/strong><\/a><strong>. T\u2019atendrem sense comprom\u00eds.\u00a0<\/strong><\/p>\n","protected":false},"excerpt":{"rendered":"<p>L\u2019Ag\u00e8ncia Tribut\u00e0ria est\u00e0 centrant la seva mirada en la responsabilitat dels administradors, generant un augment en les derivacions de responsabilitat i accions judicials en els \u00faltims anys. Aix\u00f2 t\u00e9 un impacte directe en la gesti\u00f3 de riscos dels administradors i alts c\u00e0rrecs de les empreses, que subratlla la import\u00e0ncia de comptar amb una asseguran\u00e7a de D&#038;O.<\/p>\n","protected":false},"author":9,"featured_media":2023,"comment_status":"closed","ping_status":"closed","sticky":false,"template":"","format":"standard","meta":{"footnotes":""},"categories":[99],"tags":[306,26,30,14,36,10],"class_list":["post-2022","post","type-post","status-publish","format-standard","has-post-thumbnail","hentry","category-empreses","tag-agencia-tributaria","tag-asseguranca","tag-assegurances","tag-mutua-dels-enginyers","tag-responsabilitat-civil","tag-serpreco"],"_links":{"self":[{"href":"https:\/\/blog.serpreco.com\/cat\/wp-json\/wp\/v2\/posts\/2022","targetHints":{"allow":["GET"]}}],"collection":[{"href":"https:\/\/blog.serpreco.com\/cat\/wp-json\/wp\/v2\/posts"}],"about":[{"href":"https:\/\/blog.serpreco.com\/cat\/wp-json\/wp\/v2\/types\/post"}],"author":[{"embeddable":true,"href":"https:\/\/blog.serpreco.com\/cat\/wp-json\/wp\/v2\/users\/9"}],"replies":[{"embeddable":true,"href":"https:\/\/blog.serpreco.com\/cat\/wp-json\/wp\/v2\/comments?post=2022"}],"version-history":[{"count":2,"href":"https:\/\/blog.serpreco.com\/cat\/wp-json\/wp\/v2\/posts\/2022\/revisions"}],"predecessor-version":[{"id":2025,"href":"https:\/\/blog.serpreco.com\/cat\/wp-json\/wp\/v2\/posts\/2022\/revisions\/2025"}],"wp:featuredmedia":[{"embeddable":true,"href":"https:\/\/blog.serpreco.com\/cat\/wp-json\/wp\/v2\/media\/2023"}],"wp:attachment":[{"href":"https:\/\/blog.serpreco.com\/cat\/wp-json\/wp\/v2\/media?parent=2022"}],"wp:term":[{"taxonomy":"category","embeddable":true,"href":"https:\/\/blog.serpreco.com\/cat\/wp-json\/wp\/v2\/categories?post=2022"},{"taxonomy":"post_tag","embeddable":true,"href":"https:\/\/blog.serpreco.com\/cat\/wp-json\/wp\/v2\/tags?post=2022"}],"curies":[{"name":"wp","href":"https:\/\/api.w.org\/{rel}","templated":true}]}}