{"id":1997,"date":"2023-09-07T13:22:16","date_gmt":"2023-09-07T11:22:16","guid":{"rendered":"https:\/\/blog.serpreco.com\/cat\/?p=1997"},"modified":"2023-09-07T13:22:18","modified_gmt":"2023-09-07T11:22:18","slug":"assegurar-gos-sera-obligatori","status":"publish","type":"post","link":"https:\/\/blog.serpreco.com\/cat\/assegurar-gos-sera-obligatori\/","title":{"rendered":"Assegurar el teu gos ser\u00e0 obligatori"},"content":{"rendered":"\n<p>El 29 de mar\u00e7 es va publicar la <strong>Llei de protecci\u00f3 dels drets i el <a href=\"https:\/\/blog.serpreco.com\/cat\/mascotes-essers-dotats-sensibilitat\/\" target=\"_blank\" data-type=\"post\" data-id=\"1717\" rel=\"noreferrer noopener\">benestar dels animals<\/a><\/strong> amb l\u2019objectiu d\u2019harmonitzar la legislaci\u00f3 de les comunitats aut\u00f2nomes en aquest tema i garantir el respecte i la cura dels animals de companyia, concretament, als gossos. Amb ella, <strong>ser\u00e0 obligatori comptar amb una cobertura de responsabilitat civil per al teu gos o gossa<\/strong> <strong>a partir de setembre<\/strong>.<\/p>\n\n\n\n<h2 class=\"wp-block-heading\">Canvi de normativa<\/h2>\n\n\n\n<p>Segons <a href=\"https:\/\/www.ine.es\/\" target=\"_blank\" rel=\"noreferrer noopener\">l\u2019Institut Nacional d\u2019Estad\u00edstica<\/a> (INE), <strong>a Espanya hi ha m\u00e9s de 29 milions d\u2019animals de companyia<\/strong>. D\u2019aquests, uns 9,3 milions s\u00f3n gossos. Per tal de protegir-los, s\u2019ha fet un canvi de normativa. Ja no nom\u00e9s ser\u00e0 obligatori assegurar els gossos potencialment perillosos, sin\u00f3 a tots, independentment de la ra\u00e7a.<\/p>\n\n\n\n<blockquote class=\"wp-block-quote is-layout-flow wp-block-quote-is-layout-flow\"><p>Segons la Llei, \u201c<em>en el cas de la tinen\u00e7a de gossos i durant tota la vida de l\u2019animal, la persona titular haur\u00e0 de contractar i mantenir en vigor una asseguran\u00e7a de responsabilitat civil per danys a tercers, que inclogui en la seva cobertura a la persona responsable de l\u2019animal, per un import de quantia suficient per a sufragar les possibles despeses derivades, que s\u2019establir\u00e0 reglament\u00e0riament<\/em>\u201d.<\/p><\/blockquote>\n\n\n\n<p>Tanmateix, tot i que nom\u00e9s ser\u00e0 obligatori comptar amb una <strong>cobertura de responsabilitat civil<\/strong>, \u00e9s el moment d\u2019analitzar quins riscos vols evitar i com et pots protegir mitjan\u00e7ant una <strong>asseguran\u00e7a de mascotes<\/strong>. <strong>Ara \u00e9s el moment de contactar amb el teu corredor o corredora d\u2019assegurances<\/strong> per a analitzar els riscos i trobar una soluci\u00f3 adaptada a tu i el teu gos.&nbsp;<\/p>\n\n\n\n<h2 class=\"wp-block-heading\">Serpreco t\u2019ofereix una asseguran\u00e7a de mascotes per a tu i el teu gos<\/h2>\n\n\n\n<p>Serpreco, corredoria d\u2019assegurances de <strong>La M\u00fatua dels Enginyers<\/strong>, t\u2019ofereix una <a href=\"https:\/\/www.serpreco.com\/particulars\/assegurances_de_danys_materials\/asseguranca_de_mascotes\" target=\"_blank\" rel=\"noreferrer noopener\">asseguran\u00e7a de mascotes<\/a> modular i flexible per tal de cobrir, no nom\u00e9s l\u2019obligatorietat de la RC, sin\u00f3 tamb\u00e9 tot all\u00f2 que necessiteu per tal d\u2019estar protegits\/des passi el que passi. Estar\u00e0s at\u00e8s o atesa davant els riscos i circumst\u00e0ncies que es puguin presentar en qualsevol moment.<\/p>\n\n\n\n<p><strong>L\u2019asseguran\u00e7a et cobrir\u00e0<\/strong> la responsabilitat civil, la defensa jur\u00eddica, l\u2019orientaci\u00f3 i despeses veterin\u00e0ries, l\u2019assist\u00e8ncia veterin\u00e0ria per accident o malaltia, la resid\u00e8ncia canina per hospitalitzaci\u00f3 del propietari, la cobertura en viatge, el robatori de mascota, la p\u00e8rdua de la mascota, les despeses per sacrifici i l\u2019eliminaci\u00f3 de cad\u00e0ver.<\/p>\n\n\n\n<p><strong>Dubtes? Envia\u2019ns un <\/strong><a href=\"https:\/\/wa.me\/message\/AA7URW4D3M43K1\/\" target=\"_blank\" rel=\"noreferrer noopener\"><strong>WhatsApp<\/strong><\/a><strong> o un <\/strong><a href=\"mailto:correu@mutua-enginyers.com\" target=\"_blank\" rel=\"noreferrer noopener\"><strong>mail<\/strong><\/a><strong>. T\u2019atendrem sense cap mena de comprom\u00eds.<\/strong><\/p>\n\n\n\n<figure class=\"wp-block-image size-large is-resized\"><img fetchpriority=\"high\" decoding=\"async\" src=\"https:\/\/blog.serpreco.com\/cat\/wp-content\/uploads\/sites\/3\/2023\/09\/assegurar-gos-obligatori-infografia-01-1024x683.png\" alt=\"\" class=\"wp-image-2002\" width=\"1182\" height=\"788\" srcset=\"https:\/\/blog.serpreco.com\/cat\/wp-content\/uploads\/sites\/3\/2023\/09\/assegurar-gos-obligatori-infografia-01-1024x683.png 1024w, https:\/\/blog.serpreco.com\/cat\/wp-content\/uploads\/sites\/3\/2023\/09\/assegurar-gos-obligatori-infografia-01-300x200.png 300w, https:\/\/blog.serpreco.com\/cat\/wp-content\/uploads\/sites\/3\/2023\/09\/assegurar-gos-obligatori-infografia-01-768x512.png 768w, https:\/\/blog.serpreco.com\/cat\/wp-content\/uploads\/sites\/3\/2023\/09\/assegurar-gos-obligatori-infografia-01-1536x1024.png 1536w, https:\/\/blog.serpreco.com\/cat\/wp-content\/uploads\/sites\/3\/2023\/09\/assegurar-gos-obligatori-infografia-01-2048x1365.png 2048w\" sizes=\"(max-width: 1182px) 100vw, 1182px\" \/><\/figure>\n","protected":false},"excerpt":{"rendered":"<p>El 29 de mar\u00e7 es va publicar la Llei de protecci\u00f3 dels drets i el benestar dels animals amb l\u2019objectiu d\u2019harmonitzar la legislaci\u00f3 de les comunitats aut\u00f2nomes en aquest tema i garantir el respecte i la cura dels animals de companyia, concretament, als gossos. Amb ella, ser\u00e0 obligatori comptar amb una cobertura de responsabilitat civil per al teu gos o gossa a partir de setembre.<\/p>\n","protected":false},"author":9,"featured_media":1999,"comment_status":"closed","ping_status":"closed","sticky":false,"template":"","format":"standard","meta":{"footnotes":""},"categories":[98],"tags":[26,244,296,295,30,190,110,14,10],"class_list":["post-1997","post","type-post","status-publish","format-standard","has-post-thumbnail","hentry","category-particulars","tag-asseguranca","tag-asseguranca-de-mascotes","tag-asseguranca-gos","tag-asseguranca-per-a-gossos-obligatoria","tag-assegurances","tag-mascota","tag-mascotes","tag-mutua-dels-enginyers","tag-serpreco"],"_links":{"self":[{"href":"https:\/\/blog.serpreco.com\/cat\/wp-json\/wp\/v2\/posts\/1997","targetHints":{"allow":["GET"]}}],"collection":[{"href":"https:\/\/blog.serpreco.com\/cat\/wp-json\/wp\/v2\/posts"}],"about":[{"href":"https:\/\/blog.serpreco.com\/cat\/wp-json\/wp\/v2\/types\/post"}],"author":[{"embeddable":true,"href":"https:\/\/blog.serpreco.com\/cat\/wp-json\/wp\/v2\/users\/9"}],"replies":[{"embeddable":true,"href":"https:\/\/blog.serpreco.com\/cat\/wp-json\/wp\/v2\/comments?post=1997"}],"version-history":[{"count":4,"href":"https:\/\/blog.serpreco.com\/cat\/wp-json\/wp\/v2\/posts\/1997\/revisions"}],"predecessor-version":[{"id":2003,"href":"https:\/\/blog.serpreco.com\/cat\/wp-json\/wp\/v2\/posts\/1997\/revisions\/2003"}],"wp:featuredmedia":[{"embeddable":true,"href":"https:\/\/blog.serpreco.com\/cat\/wp-json\/wp\/v2\/media\/1999"}],"wp:attachment":[{"href":"https:\/\/blog.serpreco.com\/cat\/wp-json\/wp\/v2\/media?parent=1997"}],"wp:term":[{"taxonomy":"category","embeddable":true,"href":"https:\/\/blog.serpreco.com\/cat\/wp-json\/wp\/v2\/categories?post=1997"},{"taxonomy":"post_tag","embeddable":true,"href":"https:\/\/blog.serpreco.com\/cat\/wp-json\/wp\/v2\/tags?post=1997"}],"curies":[{"name":"wp","href":"https:\/\/api.w.org\/{rel}","templated":true}]}}