{"id":1982,"date":"2023-07-20T08:03:00","date_gmt":"2023-07-20T06:03:00","guid":{"rendered":"https:\/\/blog.serpreco.com\/cat\/?p=1982"},"modified":"2023-07-07T14:12:28","modified_gmt":"2023-07-07T12:12:28","slug":"furgoneta-sense-utilitzar-asseguranca","status":"publish","type":"post","link":"https:\/\/blog.serpreco.com\/cat\/furgoneta-sense-utilitzar-asseguranca\/","title":{"rendered":"Una furgoneta sense utilitzar necessita una asseguran\u00e7a?"},"content":{"rendered":"\n<p>Quan pensem en una asseguran\u00e7a per a un vehicle, ens ve al cap l\u2019obligatorietat de tenir-la perqu\u00e8 el vehicle pugui circular. Tanmateix, <strong>assegurar el <a href=\"https:\/\/blog.serpreco.com\/cat\/dgt-canvis-cotxes-etiqueta-c\/\" target=\"_blank\" data-type=\"post\" data-id=\"1945\" rel=\"noreferrer noopener\">vehicle <\/a>no serveix \u00fanicament per a poder circular legalment, t\u00e9 moltes m\u00e9s funcions<\/strong> i \u00e9s important con\u00e8ixer-les per a saber per qu\u00e8 \u00e9s important que continu\u00efs tenint assegurada la furgoneta que fa mesos que ja no fas servir.<\/p>\n\n\n\n<h2 class=\"wp-block-heading\">Per qu\u00e8 \u00e9s recomanable comptar amb una asseguran\u00e7a per a la furgoneta que no fas circular?<\/h2>\n\n\n\n<ul class=\"wp-block-list\"><li><strong>Protecci\u00f3 contra robatoris i vandalisme<\/strong>: tot i que la furgoneta no es trobi en \u00fas, continua exposada a diversos riscos. Pot patir tota mena de robatoris i vandalismes. Imagina que et fan grafitis a la furgoneta o que et trenquen els vidres per entrar. L\u2019asseguran\u00e7a et donar\u00e0 cobertura i et protegir\u00e0 davant de qualsevol problema.<\/li><li><strong>Responsabilitat Civil<\/strong>: encara que la furgoneta no es mogui del garatge, pot representar un risc per tercers. Pot semblar impossible, per\u00f2 qu\u00e8 passaria si es despla\u00e7a involunt\u00e0riament i provoca danys a un altre vehicle o persona? L\u2019asseguran\u00e7a cobrir\u00e0 els possibles danys que pugui provocar la furgoneta.<\/li><li><strong>Protecci\u00f3 econ\u00f2mica<\/strong>: en el cas que la furgoneta pateixi qualsevol dany, l\u2019asseguran\u00e7a cobrir\u00e0 els costos de reparaci\u00f3 que siguin necessaris, el que permetr\u00e0 que t\u2019estalvi\u00efs molts diners.<\/li><li><strong>Protecci\u00f3 contra incendis<\/strong>: quan fa molt de temps que un vehicle est\u00e0 immobilitzat, es crea el risc que la furgoneta, en aquest cas, pugui desenvolupar errors el\u00e8ctrics, que poden provocar un incendi del vehicle. L\u2019asseguran\u00e7a d\u2019autom\u00f2bil et cobrir\u00e0 si es produ\u00eds qualsevol incident.<\/li><li><strong>Danys per causes naturals<\/strong>: la furgoneta continua exposada a riscos provocats per causes naturals, com inundacions o tempestes. Encara que tinguis la furgoneta en un garatge, hi ha diversos riscos als quals continues exposat. El m\u00e9s recomanable \u00e9s comptar amb una asseguran\u00e7a per a la teva furgoneta.<\/li><\/ul>\n\n\n\n<h2 class=\"wp-block-heading\">Contracta l\u2019asseguran\u00e7a per a la teva furgoneta que millor s\u2019adapta a tu amb Serpreco<\/h2>\n\n\n\n<p><a href=\"https:\/\/www.serpreco.com\" target=\"_blank\" rel=\"noreferrer noopener\"><strong>Serpreco<\/strong><\/a>, corredoria d\u2019assegurances de <strong>La M\u00fatua dels Enginyers<\/strong>, t\u2019ofereix una <a href=\"https:\/\/www.mutua-enginyers.com\/particulars\/assegurances_de_danys_materials\/asseguranca_de_l_automobil\" target=\"_blank\" rel=\"noreferrer noopener\">asseguran\u00e7a d&#8217;autom\u00f2bil<\/a> personalitzada perqu\u00e8 s\u2019adapti al que realment necessites en tot moment. Escull les cobertures que necessitis i protegeix-te.<\/p>\n\n\n\n<p><strong>A Serpreco t\u2019oferim:<\/strong><\/p>\n\n\n\n<ul class=\"wp-block-list\"><li>Totes les cobertures possibles.<\/li><li>Les garanties m\u00e9s \u00e0mplies.<\/li><li>Gamma de preus extensa.<\/li><li>Atenci\u00f3 personalitzada.<\/li><\/ul>\n\n\n\n<p><strong>A qu\u00e8 esperes? Envia\u2019ns un <\/strong><a href=\"https:\/\/wa.me\/message\/AA7URW4D3M43K1\/\" target=\"_blank\" rel=\"noreferrer noopener\"><strong>WhatsApp<\/strong><\/a><strong> o un <\/strong><a href=\"mailto:correu@serpreco.com\" target=\"_blank\" rel=\"noreferrer noopener\"><strong>mail<\/strong><\/a><strong>! T\u2019atendrem sense cap mena de comprom\u00eds.<\/strong><\/p>\n","protected":false},"excerpt":{"rendered":"<p>Quan pensem en una asseguran\u00e7a per a un vehicle, ens ve al cap l\u2019obligatorietat de tenir-la perqu\u00e8 el vehicle pugui circular. Tanmateix, assegurar el vehicle no serveix \u00fanicament per a poder circular legalment, t\u00e9 moltes m\u00e9s funcions i \u00e9s important con\u00e8ixer-les per a saber per qu\u00e8 \u00e9s important que continu\u00efs tenint assegurada la furgoneta que fa mesos que ja no fas servir.<\/p>\n","protected":false},"author":9,"featured_media":1984,"comment_status":"closed","ping_status":"closed","sticky":false,"template":"","format":"standard","meta":{"footnotes":""},"categories":[99],"tags":[26,273,47,286,30,17,14,10],"class_list":["post-1982","post","type-post","status-publish","format-standard","has-post-thumbnail","hentry","category-empreses","tag-asseguranca","tag-asseguranca-auto","tag-asseguranca-dautomobil","tag-asseguranca-furgoneta","tag-assegurances","tag-corredoria-dassegurances","tag-mutua-dels-enginyers","tag-serpreco"],"_links":{"self":[{"href":"https:\/\/blog.serpreco.com\/cat\/wp-json\/wp\/v2\/posts\/1982","targetHints":{"allow":["GET"]}}],"collection":[{"href":"https:\/\/blog.serpreco.com\/cat\/wp-json\/wp\/v2\/posts"}],"about":[{"href":"https:\/\/blog.serpreco.com\/cat\/wp-json\/wp\/v2\/types\/post"}],"author":[{"embeddable":true,"href":"https:\/\/blog.serpreco.com\/cat\/wp-json\/wp\/v2\/users\/9"}],"replies":[{"embeddable":true,"href":"https:\/\/blog.serpreco.com\/cat\/wp-json\/wp\/v2\/comments?post=1982"}],"version-history":[{"count":2,"href":"https:\/\/blog.serpreco.com\/cat\/wp-json\/wp\/v2\/posts\/1982\/revisions"}],"predecessor-version":[{"id":1985,"href":"https:\/\/blog.serpreco.com\/cat\/wp-json\/wp\/v2\/posts\/1982\/revisions\/1985"}],"wp:featuredmedia":[{"embeddable":true,"href":"https:\/\/blog.serpreco.com\/cat\/wp-json\/wp\/v2\/media\/1984"}],"wp:attachment":[{"href":"https:\/\/blog.serpreco.com\/cat\/wp-json\/wp\/v2\/media?parent=1982"}],"wp:term":[{"taxonomy":"category","embeddable":true,"href":"https:\/\/blog.serpreco.com\/cat\/wp-json\/wp\/v2\/categories?post=1982"},{"taxonomy":"post_tag","embeddable":true,"href":"https:\/\/blog.serpreco.com\/cat\/wp-json\/wp\/v2\/tags?post=1982"}],"curies":[{"name":"wp","href":"https:\/\/api.w.org\/{rel}","templated":true}]}}