{"id":1838,"date":"2022-09-07T11:06:52","date_gmt":"2022-09-07T09:06:52","guid":{"rendered":"https:\/\/blog.serpreco.com\/cat\/?p=1838"},"modified":"2022-09-07T11:06:58","modified_gmt":"2022-09-07T09:06:58","slug":"atacs-cibernetics-pimes-estiu","status":"publish","type":"post","link":"https:\/\/blog.serpreco.com\/cat\/atacs-cibernetics-pimes-estiu\/","title":{"rendered":"Durant els mesos d&#8217;estiu augmenten els atacs cibern\u00e8tics a les pimes"},"content":{"rendered":"\n<p>Segons <a href=\"https:\/\/irp.cdn-website.com\/5d9b1ea1\/files\/uploaded\/Report2022GTR.pdf\" target=\"_blank\" rel=\"noopener\">l\u2019informe sobre Riscos Globals de 2022<\/a>, els atacs cibern\u00e8tics han incrementat un 300% des de 2020. Aix\u00f2 significa que <strong>4 de cada 10 empreses ha patit un ciberatac<\/strong>. Les xifres empitjoren quan comen\u00e7a l\u2019estiu, ja que els ciberatacs augmenten fins a un 40% durant aquesta \u00e8poca. Els <em>hackers<\/em> aprofiten que una gran part de la plantilla est\u00e0 de vacances per atacar, ja que podran trobar-se amb <strong>menys seguretat<\/strong>.<\/p>\n\n\n\n<p>El 2021, l\u2019Administraci\u00f3 P\u00fablica d\u2019Espanya va registrar un total de 82.000 ciberatacs, aproximadament, i una gran part d\u2019aquesta xifra va ser durant l\u2019estiu. A Espanya hi ha pocs <strong>perfils inform\u00e0tics especialitzats en ciberseguretat<\/strong>. \u00c9s per aix\u00f2 que en el cas que la teva empresa nom\u00e9s disposi d\u2019un perfil d\u2019aquest tipus, tinguis un major nivell de perill.<\/p>\n\n\n\n<p>Miguel L\u00f3pez, responsable de Barracuda Networks a Espanya diu a <a href=\"https:\/\/www.businessinsider.es\/\" target=\"_blank\" rel=\"noopener\">Business Insider<\/a>: \u201cEfectivament, \u00e9s habitual notar un creixement dels ciberatacs de tipus general, incloent-hi els de<a href=\"https:\/\/blog.serpreco.com\/cat\/ciberatacs-empresa-ciber\/\" data-type=\"post\" data-id=\"1517\"> <em>ransomware<\/em><\/a>, durant l\u2019estiu. No sorpr\u00e8n, ja que <strong>ha augmentat el nivell de professionalitzaci\u00f3 de la ciberdelinq\u00fc\u00e8ncia<\/strong>.<\/p>\n\n\n\n<p><strong>Per evitar aquests escenaris, \u00e9s important tenir en compte una s\u00e8rie de factors<\/strong>, que poden donar pistes als <em>hackers<\/em> del nivell de seguretat de l\u2019empresa.<\/p>\n\n\n\n<ul class=\"wp-block-list\"><li>Els <strong>missatges autom\u00e0tics<\/strong> del tipus \u201cestar\u00e9 fora de l\u2019oficina fins al dia 10\u201d o \u201cestic de vacances. Per a qualsevol q\u00fcesti\u00f3 podeu contactar amb en Jordi\u201d. Amb aquests missatges, els ciberdelinq\u00fcents poden saber que ens trobem de vacances i, en el cas del segon missatge, poden enviar-li un missatge engany\u00f3s a la persona a qui s\u2019ha delegat la feina i <strong>comprometre la seguretat de tota l\u2019empresa<\/strong>.<\/li><li>En cas que teletreballis, fes-ho sempre des d\u2019una <strong>connexi\u00f3 privada<\/strong>. Les xarxes gratu\u00eftes s\u00f3n f\u00e0cils de hackejar. Si intervenen una xarxa a la qual et trobes connectat o connectada, podran accedir al teu ordinador.<\/li><li>Si tens el correu de l\u2019empresa al m\u00f2bil, <strong>no et descarreguis aplicacions que puguin ser malicioses<\/strong>, descarrega nom\u00e9s aquelles que s\u2019hagin creat per una empresa\/creador verificat. En el cas de que descarreguis una aplicaci\u00f3 maliciosa, els ciberdelinq\u00fcents podran accedir a tota la informaci\u00f3 emmagatzemada al teu tel\u00e8fon.<\/li><\/ul>\n\n\n\n<h2 class=\"wp-block-heading\">T&#8217;oferim una asseguran\u00e7a contra atacs cibern\u00e8tics<\/h2>\n\n\n\n<p>A <strong>Serpreco<\/strong>, corredoria d\u2019assegurances de <strong>La M\u00fatua dels Enginyers<\/strong> oferim una <a href=\"https:\/\/www.serpreco.com\/empreses\/responsabilitat_civil\/ciberriscos\" target=\"_blank\" rel=\"noopener\">asseguran\u00e7a contra atacs cibern\u00e8tics<\/a> amb una \u00e0mplia varietat de cobertures i serveis per fer front a les amenaces espec\u00edfiques que poden afectar els sistemes d\u2019informaci\u00f3 propis o dels nostres clients.<\/p>\n\n\n\n<p><strong>Cobrim<\/strong>:<\/p>\n\n\n\n<ul class=\"wp-block-list\"><li>RC derivada de la responsabilitat que comporta la manipulaci\u00f3 de dades i de la privacitat d\u2019aquestes dades (robatori, p\u00e8rdua d\u2019informaci\u00f3, etc.).<\/li><li>Despeses associades a la privacitat i la seguretat.<\/li><li>Extorsi\u00f3 cibern\u00e8tica.<\/li><li>P\u00e8rdua per interrupci\u00f3 del negoci per incident cibern\u00e8tic o per crisi de reputaci\u00f3.<\/li><li>RC multim\u00e8dia derivada de continguts i publicacions en webs i altres mitjans, infracci\u00f3 de copyright, etc.<\/li><li>Defensa i sancions.<\/li><\/ul>\n\n\n\n<p><strong>Tens dubtes?<\/strong> <a href=\"tel:%20932954300\">Contacta<\/a> amb nosaltres sense cap mena de comprom\u00eds.<\/p>\n\n\n\n<figure class=\"wp-block-image size-large\"><a href=\"https:\/\/blog.serpreco.com\/cat\/wp-content\/uploads\/sites\/3\/2022\/09\/augmenten-els-ciberatacs-estiu-CAT.png\"><img fetchpriority=\"high\" decoding=\"async\" width=\"1024\" height=\"717\" src=\"https:\/\/blog.serpreco.com\/cat\/wp-content\/uploads\/sites\/3\/2022\/09\/augmenten-els-ciberatacs-estiu-CAT-1024x717.png\" alt=\"\" class=\"wp-image-1841\" srcset=\"https:\/\/blog.serpreco.com\/cat\/wp-content\/uploads\/sites\/3\/2022\/09\/augmenten-els-ciberatacs-estiu-CAT-1024x717.png 1024w, https:\/\/blog.serpreco.com\/cat\/wp-content\/uploads\/sites\/3\/2022\/09\/augmenten-els-ciberatacs-estiu-CAT-300x210.png 300w, https:\/\/blog.serpreco.com\/cat\/wp-content\/uploads\/sites\/3\/2022\/09\/augmenten-els-ciberatacs-estiu-CAT-768x538.png 768w, https:\/\/blog.serpreco.com\/cat\/wp-content\/uploads\/sites\/3\/2022\/09\/augmenten-els-ciberatacs-estiu-CAT-1536x1076.png 1536w, https:\/\/blog.serpreco.com\/cat\/wp-content\/uploads\/sites\/3\/2022\/09\/augmenten-els-ciberatacs-estiu-CAT-2048x1434.png 2048w\" sizes=\"(max-width: 1024px) 100vw, 1024px\" \/><\/a><\/figure>\n","protected":false},"excerpt":{"rendered":"<p>Segons l\u2019informe sobre Riscos Globals de 2022, els ciberatacs han incrementat un 300% des de 2020. Aix\u00f2 significa que 4 de cada 10 empreses ha patit un ciberatac. Les xifres empitjoren quan comen\u00e7a l\u2019estiu.<\/p>\n","protected":false},"author":9,"featured_media":1839,"comment_status":"closed","ping_status":"closed","sticky":false,"template":"","format":"standard","meta":{"footnotes":""},"categories":[99],"tags":[251,30,25,14,10],"class_list":["post-1838","post","type-post","status-publish","format-standard","has-post-thumbnail","hentry","category-empreses","tag-asseguranca-de-ciberriscos-2","tag-assegurances","tag-ciberseguretat","tag-mutua-dels-enginyers","tag-serpreco"],"_links":{"self":[{"href":"https:\/\/blog.serpreco.com\/cat\/wp-json\/wp\/v2\/posts\/1838","targetHints":{"allow":["GET"]}}],"collection":[{"href":"https:\/\/blog.serpreco.com\/cat\/wp-json\/wp\/v2\/posts"}],"about":[{"href":"https:\/\/blog.serpreco.com\/cat\/wp-json\/wp\/v2\/types\/post"}],"author":[{"embeddable":true,"href":"https:\/\/blog.serpreco.com\/cat\/wp-json\/wp\/v2\/users\/9"}],"replies":[{"embeddable":true,"href":"https:\/\/blog.serpreco.com\/cat\/wp-json\/wp\/v2\/comments?post=1838"}],"version-history":[{"count":3,"href":"https:\/\/blog.serpreco.com\/cat\/wp-json\/wp\/v2\/posts\/1838\/revisions"}],"predecessor-version":[{"id":1843,"href":"https:\/\/blog.serpreco.com\/cat\/wp-json\/wp\/v2\/posts\/1838\/revisions\/1843"}],"wp:featuredmedia":[{"embeddable":true,"href":"https:\/\/blog.serpreco.com\/cat\/wp-json\/wp\/v2\/media\/1839"}],"wp:attachment":[{"href":"https:\/\/blog.serpreco.com\/cat\/wp-json\/wp\/v2\/media?parent=1838"}],"wp:term":[{"taxonomy":"category","embeddable":true,"href":"https:\/\/blog.serpreco.com\/cat\/wp-json\/wp\/v2\/categories?post=1838"},{"taxonomy":"post_tag","embeddable":true,"href":"https:\/\/blog.serpreco.com\/cat\/wp-json\/wp\/v2\/tags?post=1838"}],"curies":[{"name":"wp","href":"https:\/\/api.w.org\/{rel}","templated":true}]}}