{"id":1766,"date":"2022-04-21T09:53:26","date_gmt":"2022-04-21T07:53:26","guid":{"rendered":"https:\/\/blog.serpreco.com\/cat\/?p=1766"},"modified":"2022-04-21T09:59:46","modified_gmt":"2022-04-21T07:59:46","slug":"diferencies-entre-la-responsabilitat-civil-contractual-i-extracontractual","status":"publish","type":"post","link":"https:\/\/blog.serpreco.com\/cat\/diferencies-entre-la-responsabilitat-civil-contractual-i-extracontractual\/","title":{"rendered":"Les 5 difer\u00e8ncies entre la responsabilitat civil contractual i extracontractual"},"content":{"rendered":"\n<p>\u00c9s com\u00fa no con\u00e8ixer les difer\u00e8ncies entre la <strong>responsabilitat civil contractual <\/strong>i <strong>extracontractual <\/strong>quan no es compta amb una formaci\u00f3 jur\u00eddica. Aquesta distinci\u00f3 neix amb el Dret Rom\u00e0. El Codi Civil diferencia principalment &nbsp;la responsabilitat contractual de l\u2019extracontractual en els articles 1101 i 1902.<\/p>\n\n\n\n<p>La responsabilitat civil \u00e9s entesa com <strong>l\u2019obligaci\u00f3 de reparaci\u00f3 o indemnitzaci\u00f3 que correspon a una persona pels danys causats a una tercera<\/strong> en conseq\u00fc\u00e8ncia d\u2019una acci\u00f3 o omissi\u00f3 culposa intervenint culpa o neglig\u00e8ncia. Dins d\u2019aquest \u00e0mbit, s\u2019ha de saber diferenciar entre la responsabilitat civil contractual i l\u2019extracontractual. Con\u00e8ixer la definici\u00f3 de cadascuna i en qu\u00e8 es diferencien \u00e9s fonamental per comprendre millor el funcionament de la cobertura de responsabilitat civil.<\/p>\n\n\n\n<div id=\"ez-toc-container\" class=\"ez-toc-v2_0_75 counter-hierarchy ez-toc-counter ez-toc-grey ez-toc-container-direction\">\n<div class=\"ez-toc-title-container\"><p class=\"ez-toc-title\" style=\"cursor:inherit\">Taula de continguts<\/p>\n<\/div><nav><ul class='ez-toc-list ez-toc-list-level-1 ' ><li class='ez-toc-page-1 ez-toc-heading-level-2'><a class=\"ez-toc-link ez-toc-heading-1\" href=\"https:\/\/blog.serpreco.com\/cat\/diferencies-entre-la-responsabilitat-civil-contractual-i-extracontractual\/#Que_es_la_responsabilitat_civil_contractual\" >Qu\u00e8 \u00e9s la responsabilitat civil contractual?<\/a><\/li><li class='ez-toc-page-1 ez-toc-heading-level-2'><a class=\"ez-toc-link ez-toc-heading-2\" href=\"https:\/\/blog.serpreco.com\/cat\/diferencies-entre-la-responsabilitat-civil-contractual-i-extracontractual\/#Que_es_la_responsabilitat_civil_extracontractual\" >Qu\u00e8 \u00e9s la responsabilitat civil extracontractual?<\/a><\/li><li class='ez-toc-page-1 ez-toc-heading-level-2'><a class=\"ez-toc-link ez-toc-heading-3\" href=\"https:\/\/blog.serpreco.com\/cat\/diferencies-entre-la-responsabilitat-civil-contractual-i-extracontractual\/#Taula_de_diferencies\" >Taula de difer\u00e8ncies<\/a><\/li><li class='ez-toc-page-1 ez-toc-heading-level-2'><a class=\"ez-toc-link ez-toc-heading-4\" href=\"https:\/\/blog.serpreco.com\/cat\/diferencies-entre-la-responsabilitat-civil-contractual-i-extracontractual\/#Asseguranca_de_Responsabilitat_Civil\" >Asseguran\u00e7a de Responsabilitat Civil<\/a><\/li><\/ul><\/nav><\/div>\n<h2 class=\"wp-block-heading\"><span class=\"ez-toc-section\" id=\"Que_es_la_responsabilitat_civil_contractual\"><\/span>Qu\u00e8 \u00e9s la responsabilitat civil contractual?<span class=\"ez-toc-section-end\"><\/span><\/h2>\n\n\n\n<p>Segons la STS de 24 de juliol de 1969, la responsabilitat civil contractual \u00e9s el conjunt d\u2019obligacions legals que la persona obt\u00e9 amb una altra mitjan\u00e7ant una relaci\u00f3 contractual. Tanmateix, hi ha un requisit; els danys han de ser provocats mitjan\u00e7ant un <strong>incorrecte compliment del contingut del contracte, pacte, acord o conveni<\/strong>. Un exemple molt clar d\u2019aquest tipus de responsabilitat civil \u00e9s el contracte de lloguer, on cadascuna de les parts assoleix obligacions amb l\u2019altre.<\/p>\n\n\n\n<p>Regulada al Codi Civil, dins de l\u2019article 1.101 i seg\u00fcents, aquest tipus de responsabilitat civil necessita un contracte amb una prescripci\u00f3 de 15 anys. Pel que fa als danys, <strong>la indemnitzaci\u00f3 est\u00e0 limitada, dependr\u00e0 dels danys relacionats amb el prejudici generat del incompliment contracte (1.106 CC)<\/strong>. En el cas de ser la part beneficiaria, s\u2019haur\u00e0 de reclamar la responsabilitat civil contractual al mateix lloc on es va firmar el contracte. Si no es pogu\u00e9s realitzar d\u2019aquesta manera, es far\u00e0 a la llar del demandat o demandada.<\/p>\n\n\n\n<blockquote class=\"wp-block-quote is-layout-flow wp-block-quote-is-layout-flow\"><p>\u201c<strong>Quedan sujetos a la indemnizaci\u00f3n de los da\u00f1os y perjuicios causados los que en el cumplimiento de sus obligaciones incurrieren en dolo, negligencia o morosidad, y los que de cualquier modo contravinieren al tenor de aqu\u00e9llas<\/strong>\u201d.<\/p><cite>Art. 1101 del <a href=\"https:\/\/www.boe.es\/buscar\/act.php?id=BOE-A-1889-4763#art1101\" target=\"_blank\" rel=\"noopener\">Codi Civil<\/a>.<\/cite><\/blockquote>\n\n\n\n<h2 class=\"wp-block-heading\"><span class=\"ez-toc-section\" id=\"Que_es_la_responsabilitat_civil_extracontractual\"><\/span>Qu\u00e8 \u00e9s la responsabilitat civil extracontractual?<span class=\"ez-toc-section-end\"><\/span><\/h2>\n\n\n\n<p>Contr\u00e0riament, la responsabilitat civil extracontractual <strong>manca d\u2019obligacions rec\u00edproques entre les parts<\/strong>, ja que no hi ha una relaci\u00f3 contractual. Tanmateix, s\u00ed que existeix l\u2019obligaci\u00f3 del causant de reparar els danys ocasionats a la tercera persona. Un exemple molt clar \u00e9s un accident d\u2019autom\u00f2bil. El conductor o la conductora que ha provocat l\u2019accident ha de fer-se c\u00e0rrec dels danys que ha provocat a una tercera persona de manera obligat\u00f2ria encara que no existeixi una relaci\u00f3 contractual entre els dos conductors o conductores.<\/p>\n\n\n\n<p>Regulada al Codi Civil, dins de l\u2019article 1.902 i seg\u00fcents, la responsabilitat civil extracontractual <strong>no necessita un contracte per generar-se<\/strong>. Tot i aix\u00f2, s\u00ed que t\u00e9 una data de prescripci\u00f3 i \u00e9s un any (article 1968 CC). Pel que fa als danys, la responsabilitat extracontractual no t\u00e9 l\u00edmits, ja que s\u2019ha de reparar qualsevol mena de dany a qui se li ha ocasionat.<\/p>\n\n\n\n<blockquote class=\"wp-block-quote is-layout-flow wp-block-quote-is-layout-flow\"><p>\u201c<strong>El que por acci\u00f3n u omisi\u00f3n causa da\u00f1o a otro, interviniendo culpa o negligencia, est\u00e1 obligado a reparar el da\u00f1o causado<\/strong>\u201d.<\/p><cite>Art. 1902 del <a href=\"https:\/\/www.boe.es\/buscar\/act.php?id=BOE-A-1889-4763#art1101\" target=\"_blank\" rel=\"noopener\">Codi Civil<\/a>.<\/cite><\/blockquote>\n\n\n\n<p>Un exemple:<\/p>\n\n\n\n<blockquote class=\"wp-block-quote is-layout-flow wp-block-quote-is-layout-flow\"><p>\u201c<strong>El propietario de un edificio es responsable de los da\u00f1os que resulten de la ruina de todo o parte de \u00e9l, si \u00e9sta sobreviniere por falta de las reparaciones necesarias<\/strong>\u201d.<\/p><cite>Art. 1907 del <a href=\"https:\/\/www.boe.es\/buscar\/act.php?id=BOE-A-1889-4763#art1101\" target=\"_blank\" rel=\"noopener\">Codi Civil<\/a>.<\/cite><\/blockquote>\n\n\n\n<h2 class=\"wp-block-heading\"><span class=\"ez-toc-section\" id=\"Taula_de_diferencies\"><\/span>Taula de difer\u00e8ncies<span class=\"ez-toc-section-end\"><\/span><\/h2>\n\n\n\n<figure class=\"wp-block-image size-full\"><img fetchpriority=\"high\" decoding=\"async\" width=\"617\" height=\"272\" src=\"https:\/\/blog.serpreco.com\/cat\/wp-content\/uploads\/sites\/3\/2022\/04\/taula-diferencies.png\" alt=\"\" class=\"wp-image-1767\" srcset=\"https:\/\/blog.serpreco.com\/cat\/wp-content\/uploads\/sites\/3\/2022\/04\/taula-diferencies.png 617w, https:\/\/blog.serpreco.com\/cat\/wp-content\/uploads\/sites\/3\/2022\/04\/taula-diferencies-300x132.png 300w\" sizes=\"(max-width: 617px) 100vw, 617px\" \/><\/figure>\n\n\n\n<p>Tanmateix, alguns autors reconeixen que la distinci\u00f3 entre les dues tipologies de responsabilitat civil no hauria d\u2019existir, ja que en qualsevol dels dos casos es busca el rescabalament del dany.<\/p>\n\n\n\n<h2 class=\"wp-block-heading\"><span class=\"ez-toc-section\" id=\"Asseguranca_de_Responsabilitat_Civil\"><\/span>Asseguran\u00e7a de Responsabilitat Civil<span class=\"ez-toc-section-end\"><\/span><\/h2>\n\n\n\n<p>A <strong>Serpreco<\/strong>, corredoria d\u2019assegurances del <strong>Grup La M\u00fatua dels Enginyers<\/strong>, oferim diverses opcions d\u2019assegurances de Responsabilitat Civil. Tenim la <a href=\"https:\/\/www.serpreco.com\/empreses\/responsabilitat_civil\/rc_general\" target=\"_blank\" rel=\"noopener\">General<\/a>, que funciona amb l\u2019objectiu de protegir el patrimoni de la persona assegurada, indemnitzant el dany causat a un tercer per actes o omissions dels que sigui directament responsable o relatius a persones de les quals hagi de respondre a conseq\u00fc\u00e8ncia de l\u2019activitat empresarial desenvolupada.<\/p>\n\n\n\n<p>De la mateixa manera, tamb\u00e9 oferim una <a href=\"https:\/\/www.serpreco.com\/empreses\/responsabilitat_civil\/rc_constructor_instal_lador\" target=\"_blank\" rel=\"noopener\">asseguran\u00e7a de Responsabilitat Civil de Constructor o Instal\u00b7lador<\/a>, que dona cobertura a la responsabilitat civil legal en qu\u00e8 pot inc\u00f3rrer la persona assegurada per danys personals i\/o materials causats a tercers, com a constructor\/instal\u00b7lador.<\/p>\n\n\n\n<p>Posem a disposici\u00f3 <a href=\"https:\/\/www.serpreco.com\/empreses\/responsabilitat_civil\/rc_professional\" target=\"_blank\" rel=\"noopener\">l\u2019asseguran\u00e7a de Responsabilitat Civil Professiona<\/a>l per professionals i empreses per tal de donar cobertura davant de les conseq\u00fc\u00e8ncies que pugui implicar la imputaci\u00f3 de responsabilitat civil per danys a personals o materials o prejudicis a tercers a qui s\u2019ha prestat un servei professional, ja sigui en nom propi per compte d\u2019una societat.<\/p>\n\n\n\n<p>Oferim una <a href=\"https:\/\/www.serpreco.com\/empreses\/responsabilitat_civil\/responsabilitat_civil_per_obra_single_project\" target=\"_blank\" rel=\"noopener\">asseguran\u00e7a de Responsabilitat Civil per Obra (Single Project)<\/a>, que contempla la cobertura de la responsabilitat civil professional per\u00f2 per una obra o projecte en concret i de manera \u00fanica i exclusiva, independentment de la resta de feines.<\/p>\n\n\n\n<p>Tenim una asseguran\u00e7a de <a href=\"https:\/\/www.serpreco.com\/empreses\/responsabilitat_civil\/asseguranca_de_d_o\" target=\"_blank\" rel=\"noopener\">Responsabilitat Civil de Directius i Alts C\u00e0rrecs (D&amp;O<\/a>) per fer front a reclamacions derivades dels diferents \u00f2rgans administradors i directius per les decisions presses com a empresari (responsabilitat mercantil).<\/p>\n\n\n\n<p>Som mediadors de l\u2019<a href=\"https:\/\/www.serpreco.com\/particulars\/responsabilitat_civil\/la_responsabilitat_civil_professional\" target=\"_blank\" rel=\"noopener\">asseguran\u00e7a de Responsabilitat Civil Professional dels Enginyers Industrials de Catalunya<\/a>, que garanteix als enginyers industrials col\u00b7legiats la responsabilitat civil professional en qu\u00e8 poden inc\u00f3rrer pels danys materials, corporals i patrimonials i llurs perjudicis conseg\u00fcents, causats involunt\u00e0riament a terceres persones, aiix\u00ed com d\u2019altres 50 Col\u00b7legis i Associacions Professionals.<\/p>\n\n\n\n<p>No dubtis en posar-te en <a href=\"https:\/\/www.serpreco.com\/particulars\/grupmutua\/informacio_corporativa\/on_som\" target=\"_blank\" rel=\"noopener\">contacte<\/a> amb nosaltres, <strong>t\u2019atendrem sense cap mena de comprom\u00eds<\/strong>.<\/p>\n\n\n\n<figure class=\"wp-block-image size-large\"><a href=\"https:\/\/blog.serpreco.com\/cat\/wp-content\/uploads\/sites\/3\/2022\/04\/RC-DIFERENCIES-CAT-01.png\"><img decoding=\"async\" width=\"1024\" height=\"683\" src=\"https:\/\/blog.serpreco.com\/cat\/wp-content\/uploads\/sites\/3\/2022\/04\/RC-DIFERENCIES-CAT-01-1024x683.png\" alt=\"\" class=\"wp-image-1768\" srcset=\"https:\/\/blog.serpreco.com\/cat\/wp-content\/uploads\/sites\/3\/2022\/04\/RC-DIFERENCIES-CAT-01-1024x683.png 1024w, https:\/\/blog.serpreco.com\/cat\/wp-content\/uploads\/sites\/3\/2022\/04\/RC-DIFERENCIES-CAT-01-300x200.png 300w, https:\/\/blog.serpreco.com\/cat\/wp-content\/uploads\/sites\/3\/2022\/04\/RC-DIFERENCIES-CAT-01-768x512.png 768w, https:\/\/blog.serpreco.com\/cat\/wp-content\/uploads\/sites\/3\/2022\/04\/RC-DIFERENCIES-CAT-01-1536x1024.png 1536w, https:\/\/blog.serpreco.com\/cat\/wp-content\/uploads\/sites\/3\/2022\/04\/RC-DIFERENCIES-CAT-01-2048x1365.png 2048w\" sizes=\"(max-width: 1024px) 100vw, 1024px\" \/><\/a><\/figure>\n","protected":false},"excerpt":{"rendered":"<p>La responsabilitat civil \u00e9s entesa com l\u2019obligaci\u00f3 de reparaci\u00f3 o indemnitzaci\u00f3 que correspon a una persona pels danys causats a una tercera en conseq\u00fc\u00e8ncia d\u2019una acci\u00f3 o omissi\u00f3 culposa intervenint culpa o neglig\u00e8ncia. Dins d\u2019aquest \u00e0mbit, s\u2019ha de saber diferenciar entre la responsabilitat civil contractual i l\u2019extracontractual. <\/p>\n","protected":false},"author":9,"featured_media":1769,"comment_status":"closed","ping_status":"closed","sticky":false,"template":"","format":"standard","meta":{"footnotes":""},"categories":[98],"tags":[26,30,17,14,205,36,228,229,10],"class_list":["post-1766","post","type-post","status-publish","format-standard","has-post-thumbnail","hentry","category-particulars","tag-asseguranca","tag-assegurances","tag-corredoria-dassegurances","tag-mutua-dels-enginyers","tag-rc","tag-responsabilitat-civil","tag-responsabilitat-civil-contractual","tag-responsabilitat-civil-extracontractual","tag-serpreco"],"_links":{"self":[{"href":"https:\/\/blog.serpreco.com\/cat\/wp-json\/wp\/v2\/posts\/1766","targetHints":{"allow":["GET"]}}],"collection":[{"href":"https:\/\/blog.serpreco.com\/cat\/wp-json\/wp\/v2\/posts"}],"about":[{"href":"https:\/\/blog.serpreco.com\/cat\/wp-json\/wp\/v2\/types\/post"}],"author":[{"embeddable":true,"href":"https:\/\/blog.serpreco.com\/cat\/wp-json\/wp\/v2\/users\/9"}],"replies":[{"embeddable":true,"href":"https:\/\/blog.serpreco.com\/cat\/wp-json\/wp\/v2\/comments?post=1766"}],"version-history":[{"count":3,"href":"https:\/\/blog.serpreco.com\/cat\/wp-json\/wp\/v2\/posts\/1766\/revisions"}],"predecessor-version":[{"id":1772,"href":"https:\/\/blog.serpreco.com\/cat\/wp-json\/wp\/v2\/posts\/1766\/revisions\/1772"}],"wp:featuredmedia":[{"embeddable":true,"href":"https:\/\/blog.serpreco.com\/cat\/wp-json\/wp\/v2\/media\/1769"}],"wp:attachment":[{"href":"https:\/\/blog.serpreco.com\/cat\/wp-json\/wp\/v2\/media?parent=1766"}],"wp:term":[{"taxonomy":"category","embeddable":true,"href":"https:\/\/blog.serpreco.com\/cat\/wp-json\/wp\/v2\/categories?post=1766"},{"taxonomy":"post_tag","embeddable":true,"href":"https:\/\/blog.serpreco.com\/cat\/wp-json\/wp\/v2\/tags?post=1766"}],"curies":[{"name":"wp","href":"https:\/\/api.w.org\/{rel}","templated":true}]}}