{"id":1701,"date":"2022-01-31T13:57:29","date_gmt":"2022-01-31T11:57:29","guid":{"rendered":"https:\/\/blog.serpreco.com\/cat\/?p=1701"},"modified":"2022-01-31T13:57:31","modified_gmt":"2022-01-31T11:57:31","slug":"novetats-modificacio-llei-trafic","status":"publish","type":"post","link":"https:\/\/blog.serpreco.com\/cat\/novetats-modificacio-llei-trafic\/","title":{"rendered":"Les 12 novetats de la modificaci\u00f3 de la Llei de Tr\u00e0fic"},"content":{"rendered":"\n<p>El <strong>Congr\u00e9s dels Diputats<\/strong> ha aprovat una modificaci\u00f3 de la <a href=\"https:\/\/www.boe.es\/diario_boe\/txt.php?id=BOE-A-2021-21006\" target=\"_blank\" rel=\"noopener\">Llei de Tr\u00e0fic, Circulaci\u00f3 de vehicles de Motor i Seguretat Vi\u00e0ria<\/a>. L\u2019objectiu d\u2019aquest canvi \u00e9s actualitzar els preceptes de la Llei relativa al <strong>Perm\u00eds per Punts<\/strong>, una eina que redueix la sinistralitat a la carretera. Amb aquesta modificaci\u00f3 es busca millorar la seva efic\u00e0cia, <strong>refor\u00e7ant la seguretat vi\u00e0ria<\/strong>. Aix\u00f2 implica un <strong>augment de sancions i la retirada de punts<\/strong> per diferents infraccions.<\/p>\n\n\n\n<h2 class=\"wp-block-heading\" id=\"quines-son-les-principals-novetats\">Quines s\u00f3n les principals novetats?<\/h2>\n\n\n\n<ol class=\"wp-block-list\" type=\"1\"><li><strong>Distraccions<\/strong>: Augmenten de 3 a 6 els punts a detreure per utilitzar dispositius de telefonia m\u00f2bil al volant. El 2020 van augmentar un 30% els accidents mortals per aquesta causa.<\/li><li><strong>Cintur\u00f3 de seguretat<\/strong>: Augmenten de 3 a 4 els punts a detreure per no fer \u00fas del cintur\u00f3 de seguretat o per fer-ne un \u00fas incorrecte. La sanci\u00f3 \u00e9s de 200 euros.<\/li><li><strong>M\u00e9s seguretat per les\/els ciclistes<\/strong>: A vies amb m\u00e9s d\u2019un carril per sentit, s\u2019haur\u00e0 de canviar de carril quan es procedeixi a avan\u00e7ar a ciclistes o ciclomotors. S\u2019augmenten els punts a detreure, de 4 a 6.<\/li><li><strong>Objectes a la via<\/strong>: Augmenten de 4 a 6 els punts a detreure per llan\u00e7ar objectes a la via o als seus voltants. Aquests poden produir accidents o, fins i tot, incendis.<\/li><li><strong>Unificaci\u00f3 del per\u00edode per recuperar els punts del carnet<\/strong>: Han de transc\u00f3rrer 2 anys sense cometre infraccions per recuperar el saldo inicial dels punts.<\/li><li><strong>Cursos de conducci\u00f3 segura i eficient<\/strong>: Es podran recuperar 2 punts del carnet mitjan\u00e7ant la realitzaci\u00f3 de cursos de conducci\u00f3 segura.<\/li><li><strong>Alcohol i drogues<\/strong>: Els conductors\/es de ciclomotors, perm\u00eds AM, motos fins a 125cc, bicicletes i vehicles de mobilitat personal no podran circular amb una taxa d\u2019alcohol superior a 0.<\/li><li><strong>Alcohollock obligatori<\/strong> pels vehicles de carretera que es matriculin a partir del 6 de juliol de 2022: Estaran obligats a instal\u00b7lar aquests dispositius.<\/li><li><strong>Avan\u00e7aments<\/strong>: Se suprimeix la possibilitat que els turismes i motocicletes puguin depassar 20km\/h els l\u00edmits de velocitat a les carreteres convencionals quan avancin altres vehicles. El 2019 es van produir 239 defuncions en col\u00b7lisions frontals en carreteres convencionals.<\/li><li><strong>Motoristes<\/strong>: S\u2019autoritza l\u2019\u00fas de dispositius sense fils certificats o homologats amb objectius comunicatius o de navegaci\u00f3.<\/li><li><strong>Restriccions a Zones de Baixes Emissions<\/strong>: S\u2019introdueix una nova infracci\u00f3 greu, amb 200 euros de multa per no respectar les restriccions de circulaci\u00f3 derivades de l\u2019aplicaci\u00f3 dels protocols de contaminaci\u00f3 i de les zones de baixes emissions.<\/li><li><strong>Copiar als ex\u00e0mens per obtenir el perm\u00eds de conducci\u00f3<\/strong>: Amb 500 euros de sanci\u00f3, es considera una infracci\u00f3 l\u2019\u00fas de dispositius de comunicaci\u00f3 no autoritzats a les proves per l\u2019obtenci\u00f3 i recuperaci\u00f3 de les llic\u00e8ncies de conducci\u00f3. L\u2019aspirant no podr\u00e0 presentar-se a les proves en un termini de 6 mesos.<\/li><\/ol>\n\n\n\n<h2 class=\"wp-block-heading\" id=\"l-asseguranca-d-automobil-potencia-la-seguretat-viaria\">L\u2019asseguran\u00e7a d\u2019autom\u00f2bil potencia la seguretat vi\u00e0ria<\/h2>\n\n\n\n<p>Totes aquestes novetats neixen amb l\u2019objectiu de <strong>potenciar i millorar la<\/strong> <strong>seguretat vi\u00e0ria<\/strong>. La societat evoluciona i tamb\u00e9 ho ha de fer la Llei. Com a usuaris o usu\u00e0ries, el nostre paper \u00e9s complir les normes i comptar amb una <strong>asseguran\u00e7a d\u2019autom\u00f2bil<\/strong> per estar coberts i cobertes en cas d\u2019accident o inconvenient.<\/p>\n\n\n\n<p>A <strong><a href=\"https:\/\/blog.serpreco.com\/cat\/corredoria-dassegurances-2021\/\" data-type=\"post\" data-id=\"1410\">Serpreco<\/a><\/strong>, corredoria d\u2019assegurances del <strong>Grup La M\u00fatua dels Enginyers<\/strong>, ens posem a la teva disposici\u00f3. Comptem amb acords amb les millors companyies del mercat <a href=\"https:\/\/www.serpreco.com\/particulars\/assegurances_de_danys_materials\/asseguranca_de_l_automobil\" target=\"_blank\" rel=\"noopener\">d\u2019assegurances d\u2019autom\u00f2bil<\/a> per trobar <strong>la millor opci\u00f3 en cobertures i preu per a tu<\/strong>. Comptem amb totes les cobertures possibles, les garanties m\u00e9s \u00e0mplies, les companyies de primera l\u00ednia i una gamma de preus m\u00e9s extensa, entre altres. Pots <a href=\"https:\/\/www.serpreco.com\/particulars\/forms\/show\/mes_informacio\" target=\"_blank\" rel=\"noopener\">demanar informaci\u00f3<\/a> sobre l\u2019asseguran\u00e7a d\u2019autom\u00f2bil o <a href=\"https:\/\/www.serpreco.com\/particulars\/grupmutua\/informacio_corporativa\/on_som\" target=\"_blank\" rel=\"noopener\">consultar-nos<\/a> <strong>sense cap mena de comprom\u00eds<\/strong>.<\/p>\n","protected":false},"excerpt":{"rendered":"<p>El Congr\u00e9s dels Diputats ha aprovat una modificaci\u00f3 de la Llei de Tr\u00e0fic, Circulaci\u00f3 de vehicles de Motor i Seguretat Vi\u00e0ria. L\u2019objectiu d\u2019aquest canvi \u00e9s actualitzar els preceptes de la Llei relativa al Perm\u00eds per Punts, una eina que redueix la sinistralitat a la carretera.<\/p>\n","protected":false},"author":6,"featured_media":1703,"comment_status":"closed","ping_status":"closed","sticky":false,"template":"","format":"standard","meta":{"footnotes":""},"categories":[98],"tags":[26,47,94,30,90,14,10],"class_list":["post-1701","post","type-post","status-publish","format-standard","has-post-thumbnail","hentry","category-particulars","tag-asseguranca","tag-asseguranca-dautomobil","tag-asseguranca-de-cotxe","tag-assegurances","tag-cotxe","tag-mutua-dels-enginyers","tag-serpreco"],"_links":{"self":[{"href":"https:\/\/blog.serpreco.com\/cat\/wp-json\/wp\/v2\/posts\/1701","targetHints":{"allow":["GET"]}}],"collection":[{"href":"https:\/\/blog.serpreco.com\/cat\/wp-json\/wp\/v2\/posts"}],"about":[{"href":"https:\/\/blog.serpreco.com\/cat\/wp-json\/wp\/v2\/types\/post"}],"author":[{"embeddable":true,"href":"https:\/\/blog.serpreco.com\/cat\/wp-json\/wp\/v2\/users\/6"}],"replies":[{"embeddable":true,"href":"https:\/\/blog.serpreco.com\/cat\/wp-json\/wp\/v2\/comments?post=1701"}],"version-history":[{"count":2,"href":"https:\/\/blog.serpreco.com\/cat\/wp-json\/wp\/v2\/posts\/1701\/revisions"}],"predecessor-version":[{"id":1705,"href":"https:\/\/blog.serpreco.com\/cat\/wp-json\/wp\/v2\/posts\/1701\/revisions\/1705"}],"wp:featuredmedia":[{"embeddable":true,"href":"https:\/\/blog.serpreco.com\/cat\/wp-json\/wp\/v2\/media\/1703"}],"wp:attachment":[{"href":"https:\/\/blog.serpreco.com\/cat\/wp-json\/wp\/v2\/media?parent=1701"}],"wp:term":[{"taxonomy":"category","embeddable":true,"href":"https:\/\/blog.serpreco.com\/cat\/wp-json\/wp\/v2\/categories?post=1701"},{"taxonomy":"post_tag","embeddable":true,"href":"https:\/\/blog.serpreco.com\/cat\/wp-json\/wp\/v2\/tags?post=1701"}],"curies":[{"name":"wp","href":"https:\/\/api.w.org\/{rel}","templated":true}]}}