{"id":1695,"date":"2022-01-24T11:26:52","date_gmt":"2022-01-24T09:26:52","guid":{"rendered":"https:\/\/blog.serpreco.com\/cat\/?p=1695"},"modified":"2022-01-24T11:34:09","modified_gmt":"2022-01-24T09:34:09","slug":"impacte-covid-19-start-ups","status":"publish","type":"post","link":"https:\/\/blog.serpreco.com\/cat\/impacte-covid-19-start-ups\/","title":{"rendered":"Quin ha estat l\u2019impacte de la Covid-19 a les start-ups?"},"content":{"rendered":"\n<p>La crisi de la Covid-19 ha afectat econ\u00f2micament a tots els pa\u00efsos. De la mateixa manera, ha impactat a les empreses, des de pimes fins a multinacionals. Moltes d\u2019elles han patit p\u00e8rdues de capital. Tanmateix, la crisi no ha afectat de la mateixa manera a totes les entitats, sin\u00f3 que ha variat en funci\u00f3 de diferents factors, com el model de negoci o el <em>target<\/em>, entre altres.<\/p>\n\n\n\n<div id=\"ez-toc-container\" class=\"ez-toc-v2_0_75 counter-hierarchy ez-toc-counter ez-toc-grey ez-toc-container-direction\">\n<div class=\"ez-toc-title-container\"><p class=\"ez-toc-title\" style=\"cursor:inherit\">Taula de continguts<\/p>\n<\/div><nav><ul class='ez-toc-list ez-toc-list-level-1 ' ><li class='ez-toc-page-1 ez-toc-heading-level-2'><a class=\"ez-toc-link ez-toc-heading-1\" href=\"https:\/\/blog.serpreco.com\/cat\/impacte-covid-19-start-ups\/#Ha_afavorit_o_perjudicat_a_les_start-ups\" >Ha afavorit o perjudicat a les start-ups?<\/a><\/li><li class='ez-toc-page-1 ez-toc-heading-level-2'><a class=\"ez-toc-link ez-toc-heading-2\" href=\"https:\/\/blog.serpreco.com\/cat\/impacte-covid-19-start-ups\/#Quina_es_la_solucio\" >Quina \u00e9s la soluci\u00f3?<\/a><\/li><li class='ez-toc-page-1 ez-toc-heading-level-2'><a class=\"ez-toc-link ez-toc-heading-3\" href=\"https:\/\/blog.serpreco.com\/cat\/impacte-covid-19-start-ups\/#Protegeix_la_teva_start-up\" >Protegeix la teva start-up<\/a><\/li><\/ul><\/nav><\/div>\n<h2 class=\"wp-block-heading\"><span class=\"ez-toc-section\" id=\"Ha_afavorit_o_perjudicat_a_les_start-ups\"><\/span>Ha afavorit o perjudicat a les start-ups?<span class=\"ez-toc-section-end\"><\/span><\/h2>\n\n\n\n<p><strong>Una de cada quatre start-ups<\/strong> considera que la pand\u00e8mia ha sigut positiva per la seva entitat, ja que ha propiciat una acceleraci\u00f3 de la digitalitzaci\u00f3 del seu negoci. Malgrat tot, hi han hagut models de negoci que no han pogut sobreviure per la seva pr\u00f2pia naturalesa. Aquests s\u00f3n les start-ups de viatges, retail i serveis per a la llar. En canvi, els sectors m\u00e9s afavorits han sigut l\u2019<strong>edtech<\/strong>, el <strong>fintech<\/strong>, l\u2019<strong>ehealth<\/strong> i les <strong>telecomunicacions<\/strong>.<\/p>\n\n\n\n<p>Un exemple clar de creixement s\u00f3n els <strong>ecommerce o els marketplace<\/strong>, que han crescut d\u2019un 10 a un 15%, mentre que un 95% de les start-ups que comercialitzaven immobles han finalitzat la seva activitat. A m\u00e9s a m\u00e9s, les start-ups que encara es troben en cerca de finan\u00e7ament es troben amb m\u00e9s barreres d\u2019entrada. Aix\u00f2 es deu al fet que en una situaci\u00f3 d\u2019incertesa i de crisi econ\u00f2mica, el finan\u00e7ament \u00e9s molt m\u00e9s limitat.<\/p>\n\n\n\n<h2 class=\"wp-block-heading\"><span class=\"ez-toc-section\" id=\"Quina_es_la_solucio\"><\/span>Quina \u00e9s la soluci\u00f3?<span class=\"ez-toc-section-end\"><\/span><\/h2>\n\n\n\n<p>Un dels avantatges que tenen les noves empreses innovadores, que no tenen les multinacionals o les mitjanes empreses, \u00e9s que poden <strong>replantejar el seu model de negoci<\/strong>. En tractar-se de noves empreses, troben menys barreres per fer un canvi de 360\u00b0 del seu negoci i aix\u00ed <strong>adaptar-se a les noves necessitats del mercat<\/strong>. Una altra opci\u00f3 \u00e9s adaptar-se a un mercat que s\u2019ha vist encongit per la crisi sanit\u00e0ria. Aquest pot ser el cas de les <strong>start-ups finthech, laywers o media<\/strong>, que han patit una baixada de la demanda.<\/p>\n\n\n\n<h2 class=\"wp-block-heading\"><span class=\"ez-toc-section\" id=\"Protegeix_la_teva_start-up\"><\/span>Protegeix la teva start-up<span class=\"ez-toc-section-end\"><\/span><\/h2>\n\n\n\n<p>Tant en un escenari de pand\u00e8mia com en un context rutinari, la teva start-up ha d\u2019estar protegida. El millor consell \u00e9s estar preparat o preparada davant de qualsevol escenari futur. Una asseguran\u00e7a per start-ups et pot donar seguretat davant de qualsevol problema.<\/p>\n\n\n\n<p>Des de<strong> Serpreco<\/strong>, <a href=\"https:\/\/blog.serpreco.com\/cat\/corredoria-dassegurances-2021\/\" data-type=\"post\" data-id=\"1410\">corredoria d\u2019assegurances<\/a> del <strong>Grup La M\u00fatua dels Enginyers<\/strong>, et fem suport davant de qualsevol inconvenient que pugui tenir la teva start-up. L\u2019asseguran\u00e7a de <a href=\"https:\/\/www.serpreco.com\/empreses\/responsabilitat_civil\/responsabilitat_civil_professional_start_ups\" target=\"_blank\" rel=\"noopener\">Responsabilitat Civil Start Ups<\/a> cobreix des de la RC general, de producte, professional o per atac de virus inform\u00e0tics, fins als accidents de l\u2019assegurat\/da. Pots omplir el <a href=\"https:\/\/www.serpreco.com\/empreses\/forms\/show\/rc_startups\" target=\"_blank\" rel=\"noopener\">formulari<\/a> o <a href=\"https:\/\/www.serpreco.com\/empreses\/forms\/show\/mes_informacio\" target=\"_blank\" rel=\"noopener\">contactar<\/a> amb nosaltres <strong>sense cap comprom\u00eds<\/strong>.<\/p>\n","protected":false},"excerpt":{"rendered":"<p>La crisi de la Covid-19 ha afectat econ\u00f2micament a tots els pa\u00efsos. De la mateixa manera, ha impactat a les empreses, des de pimes fins a multinacionals. Moltes d\u2019elles han patit p\u00e8rdues de capital. <\/p>\n","protected":false},"author":6,"featured_media":1696,"comment_status":"closed","ping_status":"closed","sticky":false,"template":"","format":"standard","meta":{"footnotes":""},"categories":[99],"tags":[145,26,204,17,9,14,205,10,37],"class_list":["post-1695","post","type-post","status-publish","format-standard","has-post-thumbnail","hentry","category-empreses","tag-covid-19","tag-asseguranca","tag-asseguranca-de-responsabilitat-civil-start-ups","tag-corredoria-dassegurances","tag-empresa","tag-mutua-dels-enginyers","tag-rc","tag-serpreco","tag-start-up"],"_links":{"self":[{"href":"https:\/\/blog.serpreco.com\/cat\/wp-json\/wp\/v2\/posts\/1695","targetHints":{"allow":["GET"]}}],"collection":[{"href":"https:\/\/blog.serpreco.com\/cat\/wp-json\/wp\/v2\/posts"}],"about":[{"href":"https:\/\/blog.serpreco.com\/cat\/wp-json\/wp\/v2\/types\/post"}],"author":[{"embeddable":true,"href":"https:\/\/blog.serpreco.com\/cat\/wp-json\/wp\/v2\/users\/6"}],"replies":[{"embeddable":true,"href":"https:\/\/blog.serpreco.com\/cat\/wp-json\/wp\/v2\/comments?post=1695"}],"version-history":[{"count":2,"href":"https:\/\/blog.serpreco.com\/cat\/wp-json\/wp\/v2\/posts\/1695\/revisions"}],"predecessor-version":[{"id":1698,"href":"https:\/\/blog.serpreco.com\/cat\/wp-json\/wp\/v2\/posts\/1695\/revisions\/1698"}],"wp:featuredmedia":[{"embeddable":true,"href":"https:\/\/blog.serpreco.com\/cat\/wp-json\/wp\/v2\/media\/1696"}],"wp:attachment":[{"href":"https:\/\/blog.serpreco.com\/cat\/wp-json\/wp\/v2\/media?parent=1695"}],"wp:term":[{"taxonomy":"category","embeddable":true,"href":"https:\/\/blog.serpreco.com\/cat\/wp-json\/wp\/v2\/categories?post=1695"},{"taxonomy":"post_tag","embeddable":true,"href":"https:\/\/blog.serpreco.com\/cat\/wp-json\/wp\/v2\/tags?post=1695"}],"curies":[{"name":"wp","href":"https:\/\/api.w.org\/{rel}","templated":true}]}}